{"id":110,"date":"2017-06-21T20:06:19","date_gmt":"2017-06-21T23:06:19","guid":{"rendered":"http:\/\/projetosestruturaissp.com.br\/blog\/?p=110"},"modified":"2018-07-14T14:22:19","modified_gmt":"2018-07-14T17:22:19","slug":"calculo-estrutural-concreto-armado-em-diadema","status":"publish","type":"post","link":"https:\/\/projetosestruturaissp.com.br\/blog\/calculo-estrutural\/calculo-estrutural-concreto-armado-em-diadema\/","title":{"rendered":"C\u00e1lculo Estrutural Concreto Armado em Diadema"},"content":{"rendered":"<p>o <strong>c\u00e1lculo estrutural de concreto armado\u00a0 <\/strong>foi realizado por nossa equipe de engenheiros da Almeida Guimar\u00e3es\u00a0no\u00a0de muro de arrimo na cidade de Diadema.<\/p>\n<p>Foi feito todo o projeto de <strong>c\u00e1lculo de vigas de concreto<\/strong>, execu\u00e7\u00e3o da funda\u00e7\u00e3o e conten\u00e7\u00e3o de talude para evitar deslizamento e garantir a seguran\u00e7a da constru\u00e7\u00e3o ao topo do barranco.<\/p>\n<p>Aproveite e fa\u00e7a seu <a href=\"http:\/\/www.projetosestruturaissp.com.br\/contato.html\">or\u00e7amento<\/a> de <strong>c\u00e1lculo estrutural de concreto armado<\/strong> e <strong>funda\u00e7\u00f5es<\/strong> com a nossa empresa que \u00e9 especializada em <strong>engenharia de estruturas<\/strong>. Veja mais sobre esse assunto na nossa p\u00e1gina em <a href=\"http:\/\/www.projetosestruturaissp.com.br\/calculo-estrutural.html\">c\u00e1lculos estruturais<\/a><\/p>\n<h2><strong>C\u00e1lculo Estrutural de Concreto Armado<\/strong><\/h2>\n<dl id=\"attachment_121\" class=\"wp-caption alignnone\" style=\"width: 576px;\">\n<dt class=\"wp-caption-dt\"><img loading=\"lazy\" decoding=\"async\" class=\"size-large wp-image-121\" src=\"http:\/\/projetosestruturaissp.com.br\/blog\/wp-content\/uploads\/2017\/06\/Concreto-Armado-576x1024.jpeg\" alt=\"Estrutura de concreto armado\" width=\"576\" height=\"1024\" \/><\/dt>\n<dd class=\"wp-caption-dd\">Estrutura de concreto armado<\/dd>\n<\/dl>\n","protected":false},"excerpt":{"rendered":"<p>o c\u00e1lculo estrutural de concreto armado\u00a0 foi realizado por nossa equipe de engenheiros da Almeida Guimar\u00e3es\u00a0no\u00a0de muro de arrimo na cidade de Diadema. Foi feito todo o projeto de c\u00e1lculo de vigas de concreto, execu\u00e7\u00e3o da funda\u00e7\u00e3o e conten\u00e7\u00e3o de talude para evitar deslizamento e&hellip;<\/p>\n","protected":false},"author":1,"featured_media":111,"comment_status":"open","ping_status":"open","sticky":false,"template":"","format":"standard","meta":{"footnotes":""},"categories":[12],"tags":[30,38,36,33,29,34,35,31,32,37,17],"class_list":["post-110","post","type-post","status-publish","format-standard","has-post-thumbnail","hentry","category-calculo-estrutural","tag-calculo-de-concreto","tag-calculo-de-estruturas-de-concreto-armado","tag-calculo-de-fundacoes","tag-calculo-de-vigas-de-concreto","tag-calculo-estrutural","tag-calculo-estrutural-concreto-armado","tag-calculos-estruturais-engenharia-civil","tag-engenharia-de-estruturas","tag-engenharia-estrutural","tag-estrutural-concreto","tag-muro-de-arrimo"],"yoast_head":"<!-- This site is optimized with the Yoast SEO plugin v25.2 - https:\/\/yoast.com\/wordpress\/plugins\/seo\/ -->\n<title>Calculo Estrutural Concreto Armado - Obra em Diadema<\/title>\n<meta name=\"description\" content=\"O c\u00e1lculo estrutural de concreto armado realizado por nossa equipe de engenheiros da Almeida Guimar\u00e3es obra realizada em muro de arrimo em Diadema.\" \/>\n<meta name=\"robots\" content=\"index, follow, max-snippet:-1, max-image-preview:large, max-video-preview:-1\" \/>\n<link rel=\"canonical\" href=\"https:\/\/projetosestruturaissp.com.br\/blog\/calculo-estrutural\/calculo-estrutural-concreto-armado-em-diadema\/\" \/>\n<meta property=\"og:locale\" content=\"pt_BR\" \/>\n<meta property=\"og:type\" content=\"article\" \/>\n<meta property=\"og:title\" content=\"Calculo Estrutural Concreto Armado - Obra em Diadema\" \/>\n<meta property=\"og:description\" content=\"O c\u00e1lculo estrutural de concreto armado realizado por nossa equipe de engenheiros da Almeida Guimar\u00e3es obra realizada em muro de arrimo em Diadema.\" \/>\n<meta property=\"og:url\" content=\"https:\/\/projetosestruturaissp.com.br\/blog\/calculo-estrutural\/calculo-estrutural-concreto-armado-em-diadema\/\" \/>\n<meta property=\"og:site_name\" content=\"Almeida Guimar\u00e3es - Blog\" \/>\n<meta property=\"article:published_time\" content=\"2017-06-21T23:06:19+00:00\" \/>\n<meta property=\"article:modified_time\" content=\"2018-07-14T17:22:19+00:00\" \/>\n<meta property=\"og:image\" content=\"https:\/\/projetosestruturaissp.com.br\/blog\/wp-content\/uploads\/2017\/06\/C\u00e1lculo-Estrutural-e1498086042422.jpeg\" \/>\n\t<meta property=\"og:image:width\" content=\"293\" \/>\n\t<meta property=\"og:image:height\" content=\"520\" \/>\n\t<meta property=\"og:image:type\" content=\"image\/jpeg\" \/>\n<meta name=\"author\" content=\"AdminAlmeida\" \/>\n<meta name=\"twitter:card\" content=\"summary_large_image\" \/>\n<meta name=\"twitter:label1\" content=\"Escrito por\" \/>\n\t<meta name=\"twitter:data1\" content=\"AdminAlmeida\" \/>\n\t<meta name=\"twitter:label2\" content=\"Est. tempo de leitura\" \/>\n\t<meta name=\"twitter:data2\" content=\"1 minuto\" \/>\n<script type=\"application\/ld+json\" class=\"yoast-schema-graph\">{\"@context\":\"https:\/\/schema.org\",\"@graph\":[{\"@type\":\"Article\",\"@id\":\"https:\/\/projetosestruturaissp.com.br\/blog\/calculo-estrutural\/calculo-estrutural-concreto-armado-em-diadema\/#article\",\"isPartOf\":{\"@id\":\"https:\/\/projetosestruturaissp.com.br\/blog\/calculo-estrutural\/calculo-estrutural-concreto-armado-em-diadema\/\"},\"author\":{\"name\":\"AdminAlmeida\",\"@id\":\"https:\/\/projetosestruturaissp.com.br\/blog\/#\/schema\/person\/2439ab14fa80ae55da5b9581d0b62947\"},\"headline\":\"C\u00e1lculo Estrutural Concreto Armado em Diadema\",\"datePublished\":\"2017-06-21T23:06:19+00:00\",\"dateModified\":\"2018-07-14T17:22:19+00:00\",\"mainEntityOfPage\":{\"@id\":\"https:\/\/projetosestruturaissp.com.br\/blog\/calculo-estrutural\/calculo-estrutural-concreto-armado-em-diadema\/\"},\"wordCount\":121,\"commentCount\":0,\"publisher\":{\"@id\":\"https:\/\/projetosestruturaissp.com.br\/blog\/#organization\"},\"image\":{\"@id\":\"https:\/\/projetosestruturaissp.com.br\/blog\/calculo-estrutural\/calculo-estrutural-concreto-armado-em-diadema\/#primaryimage\"},\"thumbnailUrl\":\"https:\/\/projetosestruturaissp.com.br\/blog\/wp-content\/uploads\/2017\/06\/C\u00e1lculo-Estrutural-e1498086042422.jpeg\",\"keywords\":[\"calculo de concreto\",\"calculo de estruturas de concreto armado\",\"calculo de funda\u00e7\u00f5es\",\"calculo de vigas de concreto\",\"calculo estrutural\",\"calculo estrutural concreto armado\",\"calculos estruturais engenharia civil\",\"engenharia de estruturas\",\"engenharia estrutural\",\"estrutural concreto\",\"Muro de arrimo\"],\"articleSection\":[\"C\u00e1lculo Estrutural\"],\"inLanguage\":\"pt-BR\",\"potentialAction\":[{\"@type\":\"CommentAction\",\"name\":\"Comment\",\"target\":[\"https:\/\/projetosestruturaissp.com.br\/blog\/calculo-estrutural\/calculo-estrutural-concreto-armado-em-diadema\/#respond\"]}]},{\"@type\":\"WebPage\",\"@id\":\"https:\/\/projetosestruturaissp.com.br\/blog\/calculo-estrutural\/calculo-estrutural-concreto-armado-em-diadema\/\",\"url\":\"https:\/\/projetosestruturaissp.com.br\/blog\/calculo-estrutural\/calculo-estrutural-concreto-armado-em-diadema\/\",\"name\":\"Calculo Estrutural Concreto Armado - Obra em Diadema\",\"isPartOf\":{\"@id\":\"https:\/\/projetosestruturaissp.com.br\/blog\/#website\"},\"primaryImageOfPage\":{\"@id\":\"https:\/\/projetosestruturaissp.com.br\/blog\/calculo-estrutural\/calculo-estrutural-concreto-armado-em-diadema\/#primaryimage\"},\"image\":{\"@id\":\"https:\/\/projetosestruturaissp.com.br\/blog\/calculo-estrutural\/calculo-estrutural-concreto-armado-em-diadema\/#primaryimage\"},\"thumbnailUrl\":\"https:\/\/projetosestruturaissp.com.br\/blog\/wp-content\/uploads\/2017\/06\/C\u00e1lculo-Estrutural-e1498086042422.jpeg\",\"datePublished\":\"2017-06-21T23:06:19+00:00\",\"dateModified\":\"2018-07-14T17:22:19+00:00\",\"description\":\"O c\u00e1lculo estrutural de concreto armado realizado por nossa equipe de engenheiros da Almeida Guimar\u00e3es obra realizada em muro de arrimo em Diadema.\",\"breadcrumb\":{\"@id\":\"https:\/\/projetosestruturaissp.com.br\/blog\/calculo-estrutural\/calculo-estrutural-concreto-armado-em-diadema\/#breadcrumb\"},\"inLanguage\":\"pt-BR\",\"potentialAction\":[{\"@type\":\"ReadAction\",\"target\":[\"https:\/\/projetosestruturaissp.com.br\/blog\/calculo-estrutural\/calculo-estrutural-concreto-armado-em-diadema\/\"]}]},{\"@type\":\"ImageObject\",\"inLanguage\":\"pt-BR\",\"@id\":\"https:\/\/projetosestruturaissp.com.br\/blog\/calculo-estrutural\/calculo-estrutural-concreto-armado-em-diadema\/#primaryimage\",\"url\":\"https:\/\/projetosestruturaissp.com.br\/blog\/wp-content\/uploads\/2017\/06\/C\u00e1lculo-Estrutural-e1498086042422.jpeg\",\"contentUrl\":\"https:\/\/projetosestruturaissp.com.br\/blog\/wp-content\/uploads\/2017\/06\/C\u00e1lculo-Estrutural-e1498086042422.jpeg\",\"width\":293,\"height\":520,\"caption\":\"Muro de Arrimo\"},{\"@type\":\"BreadcrumbList\",\"@id\":\"https:\/\/projetosestruturaissp.com.br\/blog\/calculo-estrutural\/calculo-estrutural-concreto-armado-em-diadema\/#breadcrumb\",\"itemListElement\":[{\"@type\":\"ListItem\",\"position\":1,\"name\":\"In\u00edcio\",\"item\":\"https:\/\/projetosestruturaissp.com.br\/blog\/\"},{\"@type\":\"ListItem\",\"position\":2,\"name\":\"C\u00e1lculo Estrutural Concreto Armado em Diadema\"}]},{\"@type\":\"WebSite\",\"@id\":\"https:\/\/projetosestruturaissp.com.br\/blog\/#website\",\"url\":\"https:\/\/projetosestruturaissp.com.br\/blog\/\",\"name\":\"Almeida Guimar\u00e3es - Blog\",\"description\":\"Tudo sobre Engenharia\",\"publisher\":{\"@id\":\"https:\/\/projetosestruturaissp.com.br\/blog\/#organization\"},\"potentialAction\":[{\"@type\":\"SearchAction\",\"target\":{\"@type\":\"EntryPoint\",\"urlTemplate\":\"https:\/\/projetosestruturaissp.com.br\/blog\/?s={search_term_string}\"},\"query-input\":{\"@type\":\"PropertyValueSpecification\",\"valueRequired\":true,\"valueName\":\"search_term_string\"}}],\"inLanguage\":\"pt-BR\"},{\"@type\":\"Organization\",\"@id\":\"https:\/\/projetosestruturaissp.com.br\/blog\/#organization\",\"name\":\"Almeida Guimar\u00e3es\",\"url\":\"https:\/\/projetosestruturaissp.com.br\/blog\/\",\"logo\":{\"@type\":\"ImageObject\",\"inLanguage\":\"pt-BR\",\"@id\":\"https:\/\/projetosestruturaissp.com.br\/blog\/#\/schema\/logo\/image\/\",\"url\":\"https:\/\/projetosestruturaissp.com.br\/blog\/wp-content\/uploads\/2017\/09\/logo.png\",\"contentUrl\":\"https:\/\/projetosestruturaissp.com.br\/blog\/wp-content\/uploads\/2017\/09\/logo.png\",\"width\":148,\"height\":133,\"caption\":\"Almeida Guimar\u00e3es\"},\"image\":{\"@id\":\"https:\/\/projetosestruturaissp.com.br\/blog\/#\/schema\/logo\/image\/\"}},{\"@type\":\"Person\",\"@id\":\"https:\/\/projetosestruturaissp.com.br\/blog\/#\/schema\/person\/2439ab14fa80ae55da5b9581d0b62947\",\"name\":\"AdminAlmeida\",\"image\":{\"@type\":\"ImageObject\",\"inLanguage\":\"pt-BR\",\"@id\":\"https:\/\/projetosestruturaissp.com.br\/blog\/#\/schema\/person\/image\/\",\"url\":\"https:\/\/secure.gravatar.com\/avatar\/ae3513de998c4cafca2c6c0c9bf72ba68f9e5b7864428ebeac48c96eba39b07b?s=96&d=mm&r=g\",\"contentUrl\":\"https:\/\/secure.gravatar.com\/avatar\/ae3513de998c4cafca2c6c0c9bf72ba68f9e5b7864428ebeac48c96eba39b07b?s=96&d=mm&r=g\",\"caption\":\"AdminAlmeida\"},\"url\":\"https:\/\/projetosestruturaissp.com.br\/blog\/author\/adminalmeida\/\"}]}<\/script>\n<!-- \/ Yoast SEO plugin. -->","yoast_head_json":{"title":"Calculo Estrutural Concreto Armado - Obra em Diadema","description":"O c\u00e1lculo estrutural de concreto armado realizado por nossa equipe de engenheiros da Almeida Guimar\u00e3es obra realizada em muro de arrimo em Diadema.","robots":{"index":"index","follow":"follow","max-snippet":"max-snippet:-1","max-image-preview":"max-image-preview:large","max-video-preview":"max-video-preview:-1"},"canonical":"https:\/\/projetosestruturaissp.com.br\/blog\/calculo-estrutural\/calculo-estrutural-concreto-armado-em-diadema\/","og_locale":"pt_BR","og_type":"article","og_title":"Calculo Estrutural Concreto Armado - Obra em Diadema","og_description":"O c\u00e1lculo estrutural de concreto armado realizado por nossa equipe de engenheiros da Almeida Guimar\u00e3es obra realizada em muro de arrimo em Diadema.","og_url":"https:\/\/projetosestruturaissp.com.br\/blog\/calculo-estrutural\/calculo-estrutural-concreto-armado-em-diadema\/","og_site_name":"Almeida Guimar\u00e3es - Blog","article_published_time":"2017-06-21T23:06:19+00:00","article_modified_time":"2018-07-14T17:22:19+00:00","og_image":[{"width":293,"height":520,"url":"https:\/\/projetosestruturaissp.com.br\/blog\/wp-content\/uploads\/2017\/06\/C\u00e1lculo-Estrutural-e1498086042422.jpeg","type":"image\/jpeg"}],"author":"AdminAlmeida","twitter_card":"summary_large_image","twitter_misc":{"Escrito por":"AdminAlmeida","Est. tempo de leitura":"1 minuto"},"schema":{"@context":"https:\/\/schema.org","@graph":[{"@type":"Article","@id":"https:\/\/projetosestruturaissp.com.br\/blog\/calculo-estrutural\/calculo-estrutural-concreto-armado-em-diadema\/#article","isPartOf":{"@id":"https:\/\/projetosestruturaissp.com.br\/blog\/calculo-estrutural\/calculo-estrutural-concreto-armado-em-diadema\/"},"author":{"name":"AdminAlmeida","@id":"https:\/\/projetosestruturaissp.com.br\/blog\/#\/schema\/person\/2439ab14fa80ae55da5b9581d0b62947"},"headline":"C\u00e1lculo Estrutural Concreto Armado em Diadema","datePublished":"2017-06-21T23:06:19+00:00","dateModified":"2018-07-14T17:22:19+00:00","mainEntityOfPage":{"@id":"https:\/\/projetosestruturaissp.com.br\/blog\/calculo-estrutural\/calculo-estrutural-concreto-armado-em-diadema\/"},"wordCount":121,"commentCount":0,"publisher":{"@id":"https:\/\/projetosestruturaissp.com.br\/blog\/#organization"},"image":{"@id":"https:\/\/projetosestruturaissp.com.br\/blog\/calculo-estrutural\/calculo-estrutural-concreto-armado-em-diadema\/#primaryimage"},"thumbnailUrl":"https:\/\/projetosestruturaissp.com.br\/blog\/wp-content\/uploads\/2017\/06\/C\u00e1lculo-Estrutural-e1498086042422.jpeg","keywords":["calculo de concreto","calculo de estruturas de concreto armado","calculo de funda\u00e7\u00f5es","calculo de vigas de concreto","calculo estrutural","calculo estrutural concreto armado","calculos estruturais engenharia civil","engenharia de estruturas","engenharia estrutural","estrutural concreto","Muro de arrimo"],"articleSection":["C\u00e1lculo Estrutural"],"inLanguage":"pt-BR","potentialAction":[{"@type":"CommentAction","name":"Comment","target":["https:\/\/projetosestruturaissp.com.br\/blog\/calculo-estrutural\/calculo-estrutural-concreto-armado-em-diadema\/#respond"]}]},{"@type":"WebPage","@id":"https:\/\/projetosestruturaissp.com.br\/blog\/calculo-estrutural\/calculo-estrutural-concreto-armado-em-diadema\/","url":"https:\/\/projetosestruturaissp.com.br\/blog\/calculo-estrutural\/calculo-estrutural-concreto-armado-em-diadema\/","name":"Calculo Estrutural Concreto Armado - Obra em Diadema","isPartOf":{"@id":"https:\/\/projetosestruturaissp.com.br\/blog\/#website"},"primaryImageOfPage":{"@id":"https:\/\/projetosestruturaissp.com.br\/blog\/calculo-estrutural\/calculo-estrutural-concreto-armado-em-diadema\/#primaryimage"},"image":{"@id":"https:\/\/projetosestruturaissp.com.br\/blog\/calculo-estrutural\/calculo-estrutural-concreto-armado-em-diadema\/#primaryimage"},"thumbnailUrl":"https:\/\/projetosestruturaissp.com.br\/blog\/wp-content\/uploads\/2017\/06\/C\u00e1lculo-Estrutural-e1498086042422.jpeg","datePublished":"2017-06-21T23:06:19+00:00","dateModified":"2018-07-14T17:22:19+00:00","description":"O c\u00e1lculo estrutural de concreto armado realizado por nossa equipe de engenheiros da Almeida Guimar\u00e3es obra realizada em muro de arrimo em Diadema.","breadcrumb":{"@id":"https:\/\/projetosestruturaissp.com.br\/blog\/calculo-estrutural\/calculo-estrutural-concreto-armado-em-diadema\/#breadcrumb"},"inLanguage":"pt-BR","potentialAction":[{"@type":"ReadAction","target":["https:\/\/projetosestruturaissp.com.br\/blog\/calculo-estrutural\/calculo-estrutural-concreto-armado-em-diadema\/"]}]},{"@type":"ImageObject","inLanguage":"pt-BR","@id":"https:\/\/projetosestruturaissp.com.br\/blog\/calculo-estrutural\/calculo-estrutural-concreto-armado-em-diadema\/#primaryimage","url":"https:\/\/projetosestruturaissp.com.br\/blog\/wp-content\/uploads\/2017\/06\/C\u00e1lculo-Estrutural-e1498086042422.jpeg","contentUrl":"https:\/\/projetosestruturaissp.com.br\/blog\/wp-content\/uploads\/2017\/06\/C\u00e1lculo-Estrutural-e1498086042422.jpeg","width":293,"height":520,"caption":"Muro de Arrimo"},{"@type":"BreadcrumbList","@id":"https:\/\/projetosestruturaissp.com.br\/blog\/calculo-estrutural\/calculo-estrutural-concreto-armado-em-diadema\/#breadcrumb","itemListElement":[{"@type":"ListItem","position":1,"name":"In\u00edcio","item":"https:\/\/projetosestruturaissp.com.br\/blog\/"},{"@type":"ListItem","position":2,"name":"C\u00e1lculo Estrutural Concreto Armado em Diadema"}]},{"@type":"WebSite","@id":"https:\/\/projetosestruturaissp.com.br\/blog\/#website","url":"https:\/\/projetosestruturaissp.com.br\/blog\/","name":"Almeida Guimar\u00e3es - Blog","description":"Tudo sobre Engenharia","publisher":{"@id":"https:\/\/projetosestruturaissp.com.br\/blog\/#organization"},"potentialAction":[{"@type":"SearchAction","target":{"@type":"EntryPoint","urlTemplate":"https:\/\/projetosestruturaissp.com.br\/blog\/?s={search_term_string}"},"query-input":{"@type":"PropertyValueSpecification","valueRequired":true,"valueName":"search_term_string"}}],"inLanguage":"pt-BR"},{"@type":"Organization","@id":"https:\/\/projetosestruturaissp.com.br\/blog\/#organization","name":"Almeida Guimar\u00e3es","url":"https:\/\/projetosestruturaissp.com.br\/blog\/","logo":{"@type":"ImageObject","inLanguage":"pt-BR","@id":"https:\/\/projetosestruturaissp.com.br\/blog\/#\/schema\/logo\/image\/","url":"https:\/\/projetosestruturaissp.com.br\/blog\/wp-content\/uploads\/2017\/09\/logo.png","contentUrl":"https:\/\/projetosestruturaissp.com.br\/blog\/wp-content\/uploads\/2017\/09\/logo.png","width":148,"height":133,"caption":"Almeida Guimar\u00e3es"},"image":{"@id":"https:\/\/projetosestruturaissp.com.br\/blog\/#\/schema\/logo\/image\/"}},{"@type":"Person","@id":"https:\/\/projetosestruturaissp.com.br\/blog\/#\/schema\/person\/2439ab14fa80ae55da5b9581d0b62947","name":"AdminAlmeida","image":{"@type":"ImageObject","inLanguage":"pt-BR","@id":"https:\/\/projetosestruturaissp.com.br\/blog\/#\/schema\/person\/image\/","url":"https:\/\/secure.gravatar.com\/avatar\/ae3513de998c4cafca2c6c0c9bf72ba68f9e5b7864428ebeac48c96eba39b07b?s=96&d=mm&r=g","contentUrl":"https:\/\/secure.gravatar.com\/avatar\/ae3513de998c4cafca2c6c0c9bf72ba68f9e5b7864428ebeac48c96eba39b07b?s=96&d=mm&r=g","caption":"AdminAlmeida"},"url":"https:\/\/projetosestruturaissp.com.br\/blog\/author\/adminalmeida\/"}]}},"_links":{"self":[{"href":"https:\/\/projetosestruturaissp.com.br\/blog\/wp-json\/wp\/v2\/posts\/110","targetHints":{"allow":["GET"]}}],"collection":[{"href":"https:\/\/projetosestruturaissp.com.br\/blog\/wp-json\/wp\/v2\/posts"}],"about":[{"href":"https:\/\/projetosestruturaissp.com.br\/blog\/wp-json\/wp\/v2\/types\/post"}],"author":[{"embeddable":true,"href":"https:\/\/projetosestruturaissp.com.br\/blog\/wp-json\/wp\/v2\/users\/1"}],"replies":[{"embeddable":true,"href":"https:\/\/projetosestruturaissp.com.br\/blog\/wp-json\/wp\/v2\/comments?post=110"}],"version-history":[{"count":0,"href":"https:\/\/projetosestruturaissp.com.br\/blog\/wp-json\/wp\/v2\/posts\/110\/revisions"}],"wp:featuredmedia":[{"embeddable":true,"href":"https:\/\/projetosestruturaissp.com.br\/blog\/wp-json\/wp\/v2\/media\/111"}],"wp:attachment":[{"href":"https:\/\/projetosestruturaissp.com.br\/blog\/wp-json\/wp\/v2\/media?parent=110"}],"wp:term":[{"taxonomy":"category","embeddable":true,"href":"https:\/\/projetosestruturaissp.com.br\/blog\/wp-json\/wp\/v2\/categories?post=110"},{"taxonomy":"post_tag","embeddable":true,"href":"https:\/\/projetosestruturaissp.com.br\/blog\/wp-json\/wp\/v2\/tags?post=110"}],"curies":[{"name":"wp","href":"https:\/\/api.w.org\/{rel}","templated":true}]}}