{"id":216,"date":"2017-07-10T21:10:54","date_gmt":"2017-07-11T00:10:54","guid":{"rendered":"http:\/\/projetosestruturaissp.com.br\/blog\/?p=216"},"modified":"2018-07-14T13:54:51","modified_gmt":"2018-07-14T16:54:51","slug":"laudo-de-inspecao-e-vistoria-predial","status":"publish","type":"post","link":"https:\/\/projetosestruturaissp.com.br\/blog\/laudo-inspecao-vistoria-predial\/laudo-de-inspecao-e-vistoria-predial\/","title":{"rendered":"Laudo de Inspe\u00e7\u00e3o e Vistoria Predial"},"content":{"rendered":"<h2><strong>Laudo de<\/strong>\u00a0I<strong>nspe\u00e7\u00e3o e Vistoria Predial<\/strong><\/h2>\n<p>O<strong> laudo de<\/strong>\u00a0<strong>inspe\u00e7\u00e3o e vistoria predial <\/strong>realizado pela\u00a0empresa de engenharia Almeida Guimar\u00e3es\u00a0serve\u00a0para analisar e documentar se o problema de umidades e mofos nos apartamentos, eram oriundos da perda de impermeabilidade na faixada do pr\u00e9dio, que podem ocorrer devido ao intemperismo, ou por causa da condensa\u00e7\u00e3o nos pr\u00f3prios apartamentos.<\/p>\n<p>No v\u00eddeo acima, o nosso engenheiro Sergio de Almeida explica se esse problema pode ser da construtora por haver fissura ou desgaste da fachada do pr\u00e9dio, ou do pr\u00f3prio apartamento que poder\u00e1 advir de condensa\u00e7\u00e3o por uso de chuveiro, cozimento de alimentos, a pr\u00f3pria respira\u00e7\u00e3o dos habitantes e tamb\u00e9m, por ficar com o im\u00f3vel muito tempo fechado.<\/p>\n<p>Esse <strong>laudo de vistoria predial<\/strong> dever\u00e1 ser feito por um engenheiro profissional pois, existem in\u00fameros fatores que podem causar o bolor nos apartamentos.<\/p>\n<p><a href=\"https:\/\/projetosestruturaissp.com.br\/contato.html\">Consulte nossos engenheiros <\/a>para avaliar o seu pr\u00e9dio<\/p>\n","protected":false},"excerpt":{"rendered":"<p>Laudo de\u00a0Inspe\u00e7\u00e3o e Vistoria Predial O laudo de\u00a0inspe\u00e7\u00e3o e vistoria predial realizado pela\u00a0empresa de engenharia Almeida Guimar\u00e3es\u00a0serve\u00a0para analisar e documentar se o problema de umidades e mofos nos apartamentos, eram oriundos da perda de impermeabilidade na faixada do pr\u00e9dio, que podem ocorrer devido ao intemperismo,&hellip;<\/p>\n","protected":false},"author":1,"featured_media":217,"comment_status":"open","ping_status":"open","sticky":false,"template":"","format":"standard","meta":{"footnotes":""},"categories":[7],"tags":[77,78,75,73,72,68,70,67,66,74,69,71,76,65],"class_list":["post-216","post","type-post","status-publish","format-standard","has-post-thumbnail","hentry","category-laudo-inspecao-vistoria-predial","tag-almeida-guimaraes","tag-autovistoria-predial","tag-empresa-de-engenharia","tag-engenharia","tag-engenheiro","tag-inspecao-predial","tag-laudo-de-inspecao-de-engenheiro-laudo-tecnico-de-vistoria","tag-laudo-de-inspecao-predial","tag-laudo-de-vistoria-predial","tag-laudo-estrutural","tag-laudo-predial","tag-laudo-tecnico-engenharia","tag-mofo-em-apartamento","tag-vistoria-predial","has-post-video"],"yoast_head":"<!-- This site is optimized with the Yoast SEO plugin v25.2 - https:\/\/yoast.com\/wordpress\/plugins\/seo\/ -->\n<title>Laudo de Inspe\u00e7\u00e3o e Vistoria Predial - Engenheiros Almeida Guimar\u00e3es<\/title>\n<meta name=\"description\" content=\"O laudo de inspe\u00e7\u00e3o e vistoria predial, serve para analisar se o problema nos apartamentos, eram de irregularidade na estrutura na constru\u00e7\u00e3o do pr\u00e9dio,\" \/>\n<meta name=\"robots\" content=\"index, follow, max-snippet:-1, max-image-preview:large, max-video-preview:-1\" \/>\n<link rel=\"canonical\" href=\"https:\/\/projetosestruturaissp.com.br\/blog\/laudo-inspecao-vistoria-predial\/laudo-de-inspecao-e-vistoria-predial\/\" \/>\n<meta property=\"og:locale\" content=\"pt_BR\" \/>\n<meta property=\"og:type\" content=\"article\" \/>\n<meta property=\"og:title\" content=\"Laudo de Inspe\u00e7\u00e3o e Vistoria Predial - Engenheiros Almeida Guimar\u00e3es\" \/>\n<meta property=\"og:description\" content=\"O laudo de inspe\u00e7\u00e3o e vistoria predial, serve para analisar se o problema nos apartamentos, eram de irregularidade na estrutura na constru\u00e7\u00e3o do pr\u00e9dio,\" \/>\n<meta property=\"og:url\" content=\"https:\/\/projetosestruturaissp.com.br\/blog\/laudo-inspecao-vistoria-predial\/laudo-de-inspecao-e-vistoria-predial\/\" \/>\n<meta property=\"og:site_name\" content=\"Almeida Guimar\u00e3es - Blog\" \/>\n<meta property=\"article:published_time\" content=\"2017-07-11T00:10:54+00:00\" \/>\n<meta property=\"article:modified_time\" content=\"2018-07-14T16:54:51+00:00\" \/>\n<meta property=\"og:image\" content=\"https:\/\/projetosestruturaissp.com.br\/blog\/wp-content\/uploads\/2017\/07\/Laudo-de-Inspe\u00e7\u00e3o-Predial-Mofo-e-Bolor-nos-Apartamentos.jpeg\" \/>\n\t<meta property=\"og:image:width\" content=\"1280\" \/>\n\t<meta property=\"og:image:height\" content=\"720\" \/>\n\t<meta property=\"og:image:type\" content=\"image\/jpeg\" \/>\n<meta name=\"author\" content=\"AdminAlmeida\" \/>\n<meta name=\"twitter:card\" content=\"summary_large_image\" \/>\n<meta name=\"twitter:label1\" content=\"Escrito por\" \/>\n\t<meta name=\"twitter:data1\" content=\"AdminAlmeida\" \/>\n\t<meta name=\"twitter:label2\" content=\"Est. tempo de leitura\" \/>\n\t<meta name=\"twitter:data2\" content=\"1 minuto\" \/>\n<script type=\"application\/ld+json\" class=\"yoast-schema-graph\">{\"@context\":\"https:\/\/schema.org\",\"@graph\":[{\"@type\":\"Article\",\"@id\":\"https:\/\/projetosestruturaissp.com.br\/blog\/laudo-inspecao-vistoria-predial\/laudo-de-inspecao-e-vistoria-predial\/#article\",\"isPartOf\":{\"@id\":\"https:\/\/projetosestruturaissp.com.br\/blog\/laudo-inspecao-vistoria-predial\/laudo-de-inspecao-e-vistoria-predial\/\"},\"author\":{\"name\":\"AdminAlmeida\",\"@id\":\"https:\/\/projetosestruturaissp.com.br\/blog\/#\/schema\/person\/2439ab14fa80ae55da5b9581d0b62947\"},\"headline\":\"Laudo de Inspe\u00e7\u00e3o e Vistoria Predial\",\"datePublished\":\"2017-07-11T00:10:54+00:00\",\"dateModified\":\"2018-07-14T16:54:51+00:00\",\"mainEntityOfPage\":{\"@id\":\"https:\/\/projetosestruturaissp.com.br\/blog\/laudo-inspecao-vistoria-predial\/laudo-de-inspecao-e-vistoria-predial\/\"},\"wordCount\":169,\"commentCount\":2,\"publisher\":{\"@id\":\"https:\/\/projetosestruturaissp.com.br\/blog\/#organization\"},\"image\":{\"@id\":\"https:\/\/projetosestruturaissp.com.br\/blog\/laudo-inspecao-vistoria-predial\/laudo-de-inspecao-e-vistoria-predial\/#primaryimage\"},\"thumbnailUrl\":\"https:\/\/projetosestruturaissp.com.br\/blog\/wp-content\/uploads\/2017\/07\/Laudo-de-Inspe\u00e7\u00e3o-Predial-Mofo-e-Bolor-nos-Apartamentos.jpeg\",\"keywords\":[\"almeida guimar\u00e3es\",\"autovistoria predial\",\"empresa de engenharia\",\"engenharia\",\"engenheiro\",\"inspe\u00e7\u00e3o predial\",\"laudo de inspe\u00e7\u00e3o de engenheiro. laudo t\u00e9cnico de vistoria\",\"laudo de inspe\u00e7\u00e3o predial\",\"laudo de vistoria predial\",\"laudo estrutural\",\"laudo predial\",\"laudo t\u00e9cnico engenharia\",\"mofo em apartamento\",\"vistoria predial\"],\"articleSection\":[\"Laudos Periciais\"],\"inLanguage\":\"pt-BR\",\"potentialAction\":[{\"@type\":\"CommentAction\",\"name\":\"Comment\",\"target\":[\"https:\/\/projetosestruturaissp.com.br\/blog\/laudo-inspecao-vistoria-predial\/laudo-de-inspecao-e-vistoria-predial\/#respond\"]}]},{\"@type\":\"WebPage\",\"@id\":\"https:\/\/projetosestruturaissp.com.br\/blog\/laudo-inspecao-vistoria-predial\/laudo-de-inspecao-e-vistoria-predial\/\",\"url\":\"https:\/\/projetosestruturaissp.com.br\/blog\/laudo-inspecao-vistoria-predial\/laudo-de-inspecao-e-vistoria-predial\/\",\"name\":\"Laudo de Inspe\u00e7\u00e3o e Vistoria Predial - Engenheiros Almeida Guimar\u00e3es\",\"isPartOf\":{\"@id\":\"https:\/\/projetosestruturaissp.com.br\/blog\/#website\"},\"primaryImageOfPage\":{\"@id\":\"https:\/\/projetosestruturaissp.com.br\/blog\/laudo-inspecao-vistoria-predial\/laudo-de-inspecao-e-vistoria-predial\/#primaryimage\"},\"image\":{\"@id\":\"https:\/\/projetosestruturaissp.com.br\/blog\/laudo-inspecao-vistoria-predial\/laudo-de-inspecao-e-vistoria-predial\/#primaryimage\"},\"thumbnailUrl\":\"https:\/\/projetosestruturaissp.com.br\/blog\/wp-content\/uploads\/2017\/07\/Laudo-de-Inspe\u00e7\u00e3o-Predial-Mofo-e-Bolor-nos-Apartamentos.jpeg\",\"datePublished\":\"2017-07-11T00:10:54+00:00\",\"dateModified\":\"2018-07-14T16:54:51+00:00\",\"description\":\"O laudo de inspe\u00e7\u00e3o e vistoria predial, serve para analisar se o problema nos apartamentos, eram de irregularidade na estrutura na constru\u00e7\u00e3o do pr\u00e9dio,\",\"breadcrumb\":{\"@id\":\"https:\/\/projetosestruturaissp.com.br\/blog\/laudo-inspecao-vistoria-predial\/laudo-de-inspecao-e-vistoria-predial\/#breadcrumb\"},\"inLanguage\":\"pt-BR\",\"potentialAction\":[{\"@type\":\"ReadAction\",\"target\":[\"https:\/\/projetosestruturaissp.com.br\/blog\/laudo-inspecao-vistoria-predial\/laudo-de-inspecao-e-vistoria-predial\/\"]}]},{\"@type\":\"ImageObject\",\"inLanguage\":\"pt-BR\",\"@id\":\"https:\/\/projetosestruturaissp.com.br\/blog\/laudo-inspecao-vistoria-predial\/laudo-de-inspecao-e-vistoria-predial\/#primaryimage\",\"url\":\"https:\/\/projetosestruturaissp.com.br\/blog\/wp-content\/uploads\/2017\/07\/Laudo-de-Inspe\u00e7\u00e3o-Predial-Mofo-e-Bolor-nos-Apartamentos.jpeg\",\"contentUrl\":\"https:\/\/projetosestruturaissp.com.br\/blog\/wp-content\/uploads\/2017\/07\/Laudo-de-Inspe\u00e7\u00e3o-Predial-Mofo-e-Bolor-nos-Apartamentos.jpeg\",\"width\":1280,\"height\":720,\"caption\":\"Laudo de Vistoria Predial\"},{\"@type\":\"BreadcrumbList\",\"@id\":\"https:\/\/projetosestruturaissp.com.br\/blog\/laudo-inspecao-vistoria-predial\/laudo-de-inspecao-e-vistoria-predial\/#breadcrumb\",\"itemListElement\":[{\"@type\":\"ListItem\",\"position\":1,\"name\":\"In\u00edcio\",\"item\":\"https:\/\/projetosestruturaissp.com.br\/blog\/\"},{\"@type\":\"ListItem\",\"position\":2,\"name\":\"Laudo de Inspe\u00e7\u00e3o e Vistoria Predial\"}]},{\"@type\":\"WebSite\",\"@id\":\"https:\/\/projetosestruturaissp.com.br\/blog\/#website\",\"url\":\"https:\/\/projetosestruturaissp.com.br\/blog\/\",\"name\":\"Almeida Guimar\u00e3es - Blog\",\"description\":\"Tudo sobre Engenharia\",\"publisher\":{\"@id\":\"https:\/\/projetosestruturaissp.com.br\/blog\/#organization\"},\"potentialAction\":[{\"@type\":\"SearchAction\",\"target\":{\"@type\":\"EntryPoint\",\"urlTemplate\":\"https:\/\/projetosestruturaissp.com.br\/blog\/?s={search_term_string}\"},\"query-input\":{\"@type\":\"PropertyValueSpecification\",\"valueRequired\":true,\"valueName\":\"search_term_string\"}}],\"inLanguage\":\"pt-BR\"},{\"@type\":\"Organization\",\"@id\":\"https:\/\/projetosestruturaissp.com.br\/blog\/#organization\",\"name\":\"Almeida Guimar\u00e3es\",\"url\":\"https:\/\/projetosestruturaissp.com.br\/blog\/\",\"logo\":{\"@type\":\"ImageObject\",\"inLanguage\":\"pt-BR\",\"@id\":\"https:\/\/projetosestruturaissp.com.br\/blog\/#\/schema\/logo\/image\/\",\"url\":\"https:\/\/projetosestruturaissp.com.br\/blog\/wp-content\/uploads\/2017\/09\/logo.png\",\"contentUrl\":\"https:\/\/projetosestruturaissp.com.br\/blog\/wp-content\/uploads\/2017\/09\/logo.png\",\"width\":148,\"height\":133,\"caption\":\"Almeida Guimar\u00e3es\"},\"image\":{\"@id\":\"https:\/\/projetosestruturaissp.com.br\/blog\/#\/schema\/logo\/image\/\"}},{\"@type\":\"Person\",\"@id\":\"https:\/\/projetosestruturaissp.com.br\/blog\/#\/schema\/person\/2439ab14fa80ae55da5b9581d0b62947\",\"name\":\"AdminAlmeida\",\"image\":{\"@type\":\"ImageObject\",\"inLanguage\":\"pt-BR\",\"@id\":\"https:\/\/projetosestruturaissp.com.br\/blog\/#\/schema\/person\/image\/\",\"url\":\"https:\/\/secure.gravatar.com\/avatar\/ae3513de998c4cafca2c6c0c9bf72ba68f9e5b7864428ebeac48c96eba39b07b?s=96&d=mm&r=g\",\"contentUrl\":\"https:\/\/secure.gravatar.com\/avatar\/ae3513de998c4cafca2c6c0c9bf72ba68f9e5b7864428ebeac48c96eba39b07b?s=96&d=mm&r=g\",\"caption\":\"AdminAlmeida\"},\"url\":\"https:\/\/projetosestruturaissp.com.br\/blog\/author\/adminalmeida\/\"}]}<\/script>\n<!-- \/ Yoast SEO plugin. -->","yoast_head_json":{"title":"Laudo de Inspe\u00e7\u00e3o e Vistoria Predial - Engenheiros Almeida Guimar\u00e3es","description":"O laudo de inspe\u00e7\u00e3o e vistoria predial, serve para analisar se o problema nos apartamentos, eram de irregularidade na estrutura na constru\u00e7\u00e3o do pr\u00e9dio,","robots":{"index":"index","follow":"follow","max-snippet":"max-snippet:-1","max-image-preview":"max-image-preview:large","max-video-preview":"max-video-preview:-1"},"canonical":"https:\/\/projetosestruturaissp.com.br\/blog\/laudo-inspecao-vistoria-predial\/laudo-de-inspecao-e-vistoria-predial\/","og_locale":"pt_BR","og_type":"article","og_title":"Laudo de Inspe\u00e7\u00e3o e Vistoria Predial - Engenheiros Almeida Guimar\u00e3es","og_description":"O laudo de inspe\u00e7\u00e3o e vistoria predial, serve para analisar se o problema nos apartamentos, eram de irregularidade na estrutura na constru\u00e7\u00e3o do pr\u00e9dio,","og_url":"https:\/\/projetosestruturaissp.com.br\/blog\/laudo-inspecao-vistoria-predial\/laudo-de-inspecao-e-vistoria-predial\/","og_site_name":"Almeida Guimar\u00e3es - Blog","article_published_time":"2017-07-11T00:10:54+00:00","article_modified_time":"2018-07-14T16:54:51+00:00","og_image":[{"width":1280,"height":720,"url":"https:\/\/projetosestruturaissp.com.br\/blog\/wp-content\/uploads\/2017\/07\/Laudo-de-Inspe\u00e7\u00e3o-Predial-Mofo-e-Bolor-nos-Apartamentos.jpeg","type":"image\/jpeg"}],"author":"AdminAlmeida","twitter_card":"summary_large_image","twitter_misc":{"Escrito por":"AdminAlmeida","Est. tempo de leitura":"1 minuto"},"schema":{"@context":"https:\/\/schema.org","@graph":[{"@type":"Article","@id":"https:\/\/projetosestruturaissp.com.br\/blog\/laudo-inspecao-vistoria-predial\/laudo-de-inspecao-e-vistoria-predial\/#article","isPartOf":{"@id":"https:\/\/projetosestruturaissp.com.br\/blog\/laudo-inspecao-vistoria-predial\/laudo-de-inspecao-e-vistoria-predial\/"},"author":{"name":"AdminAlmeida","@id":"https:\/\/projetosestruturaissp.com.br\/blog\/#\/schema\/person\/2439ab14fa80ae55da5b9581d0b62947"},"headline":"Laudo de Inspe\u00e7\u00e3o e Vistoria Predial","datePublished":"2017-07-11T00:10:54+00:00","dateModified":"2018-07-14T16:54:51+00:00","mainEntityOfPage":{"@id":"https:\/\/projetosestruturaissp.com.br\/blog\/laudo-inspecao-vistoria-predial\/laudo-de-inspecao-e-vistoria-predial\/"},"wordCount":169,"commentCount":2,"publisher":{"@id":"https:\/\/projetosestruturaissp.com.br\/blog\/#organization"},"image":{"@id":"https:\/\/projetosestruturaissp.com.br\/blog\/laudo-inspecao-vistoria-predial\/laudo-de-inspecao-e-vistoria-predial\/#primaryimage"},"thumbnailUrl":"https:\/\/projetosestruturaissp.com.br\/blog\/wp-content\/uploads\/2017\/07\/Laudo-de-Inspe\u00e7\u00e3o-Predial-Mofo-e-Bolor-nos-Apartamentos.jpeg","keywords":["almeida guimar\u00e3es","autovistoria predial","empresa de engenharia","engenharia","engenheiro","inspe\u00e7\u00e3o predial","laudo de inspe\u00e7\u00e3o de engenheiro. laudo t\u00e9cnico de vistoria","laudo de inspe\u00e7\u00e3o predial","laudo de vistoria predial","laudo estrutural","laudo predial","laudo t\u00e9cnico engenharia","mofo em apartamento","vistoria predial"],"articleSection":["Laudos Periciais"],"inLanguage":"pt-BR","potentialAction":[{"@type":"CommentAction","name":"Comment","target":["https:\/\/projetosestruturaissp.com.br\/blog\/laudo-inspecao-vistoria-predial\/laudo-de-inspecao-e-vistoria-predial\/#respond"]}]},{"@type":"WebPage","@id":"https:\/\/projetosestruturaissp.com.br\/blog\/laudo-inspecao-vistoria-predial\/laudo-de-inspecao-e-vistoria-predial\/","url":"https:\/\/projetosestruturaissp.com.br\/blog\/laudo-inspecao-vistoria-predial\/laudo-de-inspecao-e-vistoria-predial\/","name":"Laudo de Inspe\u00e7\u00e3o e Vistoria Predial - Engenheiros Almeida Guimar\u00e3es","isPartOf":{"@id":"https:\/\/projetosestruturaissp.com.br\/blog\/#website"},"primaryImageOfPage":{"@id":"https:\/\/projetosestruturaissp.com.br\/blog\/laudo-inspecao-vistoria-predial\/laudo-de-inspecao-e-vistoria-predial\/#primaryimage"},"image":{"@id":"https:\/\/projetosestruturaissp.com.br\/blog\/laudo-inspecao-vistoria-predial\/laudo-de-inspecao-e-vistoria-predial\/#primaryimage"},"thumbnailUrl":"https:\/\/projetosestruturaissp.com.br\/blog\/wp-content\/uploads\/2017\/07\/Laudo-de-Inspe\u00e7\u00e3o-Predial-Mofo-e-Bolor-nos-Apartamentos.jpeg","datePublished":"2017-07-11T00:10:54+00:00","dateModified":"2018-07-14T16:54:51+00:00","description":"O laudo de inspe\u00e7\u00e3o e vistoria predial, serve para analisar se o problema nos apartamentos, eram de irregularidade na estrutura na constru\u00e7\u00e3o do pr\u00e9dio,","breadcrumb":{"@id":"https:\/\/projetosestruturaissp.com.br\/blog\/laudo-inspecao-vistoria-predial\/laudo-de-inspecao-e-vistoria-predial\/#breadcrumb"},"inLanguage":"pt-BR","potentialAction":[{"@type":"ReadAction","target":["https:\/\/projetosestruturaissp.com.br\/blog\/laudo-inspecao-vistoria-predial\/laudo-de-inspecao-e-vistoria-predial\/"]}]},{"@type":"ImageObject","inLanguage":"pt-BR","@id":"https:\/\/projetosestruturaissp.com.br\/blog\/laudo-inspecao-vistoria-predial\/laudo-de-inspecao-e-vistoria-predial\/#primaryimage","url":"https:\/\/projetosestruturaissp.com.br\/blog\/wp-content\/uploads\/2017\/07\/Laudo-de-Inspe\u00e7\u00e3o-Predial-Mofo-e-Bolor-nos-Apartamentos.jpeg","contentUrl":"https:\/\/projetosestruturaissp.com.br\/blog\/wp-content\/uploads\/2017\/07\/Laudo-de-Inspe\u00e7\u00e3o-Predial-Mofo-e-Bolor-nos-Apartamentos.jpeg","width":1280,"height":720,"caption":"Laudo de Vistoria Predial"},{"@type":"BreadcrumbList","@id":"https:\/\/projetosestruturaissp.com.br\/blog\/laudo-inspecao-vistoria-predial\/laudo-de-inspecao-e-vistoria-predial\/#breadcrumb","itemListElement":[{"@type":"ListItem","position":1,"name":"In\u00edcio","item":"https:\/\/projetosestruturaissp.com.br\/blog\/"},{"@type":"ListItem","position":2,"name":"Laudo de Inspe\u00e7\u00e3o e Vistoria Predial"}]},{"@type":"WebSite","@id":"https:\/\/projetosestruturaissp.com.br\/blog\/#website","url":"https:\/\/projetosestruturaissp.com.br\/blog\/","name":"Almeida Guimar\u00e3es - Blog","description":"Tudo sobre Engenharia","publisher":{"@id":"https:\/\/projetosestruturaissp.com.br\/blog\/#organization"},"potentialAction":[{"@type":"SearchAction","target":{"@type":"EntryPoint","urlTemplate":"https:\/\/projetosestruturaissp.com.br\/blog\/?s={search_term_string}"},"query-input":{"@type":"PropertyValueSpecification","valueRequired":true,"valueName":"search_term_string"}}],"inLanguage":"pt-BR"},{"@type":"Organization","@id":"https:\/\/projetosestruturaissp.com.br\/blog\/#organization","name":"Almeida Guimar\u00e3es","url":"https:\/\/projetosestruturaissp.com.br\/blog\/","logo":{"@type":"ImageObject","inLanguage":"pt-BR","@id":"https:\/\/projetosestruturaissp.com.br\/blog\/#\/schema\/logo\/image\/","url":"https:\/\/projetosestruturaissp.com.br\/blog\/wp-content\/uploads\/2017\/09\/logo.png","contentUrl":"https:\/\/projetosestruturaissp.com.br\/blog\/wp-content\/uploads\/2017\/09\/logo.png","width":148,"height":133,"caption":"Almeida Guimar\u00e3es"},"image":{"@id":"https:\/\/projetosestruturaissp.com.br\/blog\/#\/schema\/logo\/image\/"}},{"@type":"Person","@id":"https:\/\/projetosestruturaissp.com.br\/blog\/#\/schema\/person\/2439ab14fa80ae55da5b9581d0b62947","name":"AdminAlmeida","image":{"@type":"ImageObject","inLanguage":"pt-BR","@id":"https:\/\/projetosestruturaissp.com.br\/blog\/#\/schema\/person\/image\/","url":"https:\/\/secure.gravatar.com\/avatar\/ae3513de998c4cafca2c6c0c9bf72ba68f9e5b7864428ebeac48c96eba39b07b?s=96&d=mm&r=g","contentUrl":"https:\/\/secure.gravatar.com\/avatar\/ae3513de998c4cafca2c6c0c9bf72ba68f9e5b7864428ebeac48c96eba39b07b?s=96&d=mm&r=g","caption":"AdminAlmeida"},"url":"https:\/\/projetosestruturaissp.com.br\/blog\/author\/adminalmeida\/"}]}},"_links":{"self":[{"href":"https:\/\/projetosestruturaissp.com.br\/blog\/wp-json\/wp\/v2\/posts\/216","targetHints":{"allow":["GET"]}}],"collection":[{"href":"https:\/\/projetosestruturaissp.com.br\/blog\/wp-json\/wp\/v2\/posts"}],"about":[{"href":"https:\/\/projetosestruturaissp.com.br\/blog\/wp-json\/wp\/v2\/types\/post"}],"author":[{"embeddable":true,"href":"https:\/\/projetosestruturaissp.com.br\/blog\/wp-json\/wp\/v2\/users\/1"}],"replies":[{"embeddable":true,"href":"https:\/\/projetosestruturaissp.com.br\/blog\/wp-json\/wp\/v2\/comments?post=216"}],"version-history":[{"count":0,"href":"https:\/\/projetosestruturaissp.com.br\/blog\/wp-json\/wp\/v2\/posts\/216\/revisions"}],"wp:featuredmedia":[{"embeddable":true,"href":"https:\/\/projetosestruturaissp.com.br\/blog\/wp-json\/wp\/v2\/media\/217"}],"wp:attachment":[{"href":"https:\/\/projetosestruturaissp.com.br\/blog\/wp-json\/wp\/v2\/media?parent=216"}],"wp:term":[{"taxonomy":"category","embeddable":true,"href":"https:\/\/projetosestruturaissp.com.br\/blog\/wp-json\/wp\/v2\/categories?post=216"},{"taxonomy":"post_tag","embeddable":true,"href":"https:\/\/projetosestruturaissp.com.br\/blog\/wp-json\/wp\/v2\/tags?post=216"}],"curies":[{"name":"wp","href":"https:\/\/api.w.org\/{rel}","templated":true}]}}