{"id":221,"date":"2017-08-01T20:13:41","date_gmt":"2017-08-01T23:13:41","guid":{"rendered":"http:\/\/projetosestruturaissp.com.br\/blog\/?p=221"},"modified":"2017-08-01T20:14:26","modified_gmt":"2017-08-01T23:14:26","slug":"por-falha-de-calculo-estrutural-justica-condena-um-engenheiro-por-homicidio","status":"publish","type":"post","link":"https:\/\/projetosestruturaissp.com.br\/blog\/calculo-estrutural\/por-falha-de-calculo-estrutural-justica-condena-um-engenheiro-por-homicidio\/","title":{"rendered":"Por falha de c\u00e1lculo estrutural, justi\u00e7a condena um engenheiro por homic\u00eddio"},"content":{"rendered":"<figure id=\"attachment_223\" aria-describedby=\"caption-attachment-223\" style=\"width: 620px\" class=\"wp-caption alignnone\"><img loading=\"lazy\" decoding=\"async\" class=\"size-full wp-image-223\" src=\"http:\/\/projetosestruturaissp.com.br\/blog\/wp-content\/uploads\/2017\/08\/Edif\u00edcio-Real-Class-destro\u00e7os.jpg\" alt=\"\" width=\"620\" height=\"465\" srcset=\"https:\/\/projetosestruturaissp.com.br\/blog\/wp-content\/uploads\/2017\/08\/Edif\u00edcio-Real-Class-destro\u00e7os.jpg 620w, https:\/\/projetosestruturaissp.com.br\/blog\/wp-content\/uploads\/2017\/08\/Edif\u00edcio-Real-Class-destro\u00e7os-300x225.jpg 300w\" sizes=\"auto, (max-width: 620px) 100vw, 620px\" \/><figcaption id=\"caption-attachment-223\" class=\"wp-caption-text\">Edif\u00edcio Real Class desabou em janeiro de 2011. Tr\u00eas pessoas morreram. (Foto: Oswaldo Forte\/Amaz\u00f4nia Jornal)<\/figcaption><\/figure>\n<p>O nosso engenheiro e professor S\u00e9rgio de Almeida, faz um alerta\u00a0para os profissionais colegas da \u00e1rea de engenharia e tamb\u00e9m aos interessados por um <strong>engenheiro calculista<\/strong>. Devido a falha de <strong>c\u00e1lculo estrutural\u00a0<\/strong>\u00a0do engenheiro Raimundo Lobato da Silva, que foi o respons\u00e1vel pelos c\u00e1lculos relativos \u00e0 constru\u00e7\u00e3o do edif\u00edcio Real Class<strong>, <\/strong>ocorreu o\u00a0desabamento e morte de tr\u00eas pessoas, levando-o a ser condenado pela \u00a0justi\u00e7a do Par\u00e1. O engenheiro Sergio diz:<\/p>\n<p><em>&#8220;Colegas Engenheiros, vejam a responsabilidade que \u00e9 se fazer um c\u00e1lculo estrutural. Fora as vidas\u00a0que \u00e9 o maior bem, temos o dano financeiro e a perda da funcional. O recado que eu deixo para os colegas \u00e9 que, n\u00e3o se aventure a fazer c\u00e1lculo de estruturas, procure fazer uma especializa\u00e7\u00e3o em funda\u00e7\u00f5es e estrutura de concreto armado. Procure adquirir softwares licenciados que fa\u00e7a todas as an\u00e1lises, <strong>programa de calculo estrutural<\/strong> que tenham um bom p\u00f3s venda como o<strong> tricalc, eberick, TQS<\/strong>. Procure sempre dividir os c\u00e1lculos com outro colega, afim de ele n\u00e3o s\u00f3 calcular, mas tamb\u00e9m fazer as an\u00e1lises estruturais. Porque, infelizmente a maioria do profissionais se encantam com o resultado financeiro de um projeto de grande porte e decide fazer tudo sozinho.&#8221;<\/em><\/p>\n<p>Fazer c\u00e1lculo estrutural exige muita responsabilidade e conhecimento do profissional respons\u00e1vel. A advert\u00eancia que o nosso engenheiro Sergio faz \u00e9 muito importante para se ter cuidado, n\u00e3o s\u00f3 em realizar o devido c\u00e1lculo, mas para quem procura por <strong><span class=\"spGb-e spGb-h\">engenharia estrutural<\/span><\/strong>, saber o qu\u00e3o \u00e9 importante encontrar um engenheiro qualificado e experiente.<br \/>\n<strong>Confira na \u00edntegra a reportagem do G1<\/strong> <a href=\"http:\/\/glo.bo\/1O1n7qj\">http:\/\/glo.bo\/1O1n7qj<\/a> sobre o caso do desabamento do edif\u00edcio Real Class.<\/p>\n<p>Entre em contato conosco para fazer o seu <a href=\"http:\/\/projetosestruturaissp.com.br\/calculo-estrutural.html\" target=\"_blank\" rel=\"noopener noreferrer\">c\u00e1lculo estrutural <\/a><\/p>\n","protected":false},"excerpt":{"rendered":"<p>O nosso engenheiro e professor S\u00e9rgio de Almeida, faz um alerta\u00a0para os profissionais colegas da \u00e1rea de engenharia e tamb\u00e9m aos interessados por um engenheiro calculista. Devido a falha de c\u00e1lculo estrutural\u00a0\u00a0do engenheiro Raimundo Lobato da Silva, que foi o respons\u00e1vel pelos c\u00e1lculos relativos \u00e0&hellip;<\/p>\n","protected":false},"author":1,"featured_media":0,"comment_status":"open","ping_status":"open","sticky":false,"template":"","format":"standard","meta":{"footnotes":""},"categories":[12],"tags":[29,81,32,79,80],"class_list":["post-221","post","type-post","status-publish","format-standard","hentry","category-calculo-estrutural","tag-calculo-estrutural","tag-engenharia-civil-calculo-estrutural","tag-engenharia-estrutural","tag-engenheiro-calculista","tag-programa-de-calculo-estrutural"],"yoast_head":"<!-- This site is optimized with the Yoast SEO plugin v25.2 - https:\/\/yoast.com\/wordpress\/plugins\/seo\/ -->\n<title>Por falha de c\u00e1lculo estrutural, justi\u00e7a condena um engenheiro por homic\u00eddio - Almeida Guimar\u00e3es - Blog<\/title>\n<meta name=\"robots\" content=\"index, follow, max-snippet:-1, max-image-preview:large, max-video-preview:-1\" \/>\n<link rel=\"canonical\" href=\"https:\/\/projetosestruturaissp.com.br\/blog\/calculo-estrutural\/por-falha-de-calculo-estrutural-justica-condena-um-engenheiro-por-homicidio\/\" \/>\n<meta property=\"og:locale\" content=\"pt_BR\" \/>\n<meta property=\"og:type\" content=\"article\" \/>\n<meta property=\"og:title\" content=\"Por falha de c\u00e1lculo estrutural, justi\u00e7a condena um engenheiro por homic\u00eddio - Almeida Guimar\u00e3es - Blog\" \/>\n<meta property=\"og:description\" content=\"O nosso engenheiro e professor S\u00e9rgio de Almeida, faz um alerta\u00a0para os profissionais colegas da \u00e1rea de engenharia e tamb\u00e9m aos interessados por um engenheiro calculista. Devido a falha de c\u00e1lculo estrutural\u00a0\u00a0do engenheiro Raimundo Lobato da Silva, que foi o respons\u00e1vel pelos c\u00e1lculos relativos \u00e0&hellip;\" \/>\n<meta property=\"og:url\" content=\"https:\/\/projetosestruturaissp.com.br\/blog\/calculo-estrutural\/por-falha-de-calculo-estrutural-justica-condena-um-engenheiro-por-homicidio\/\" \/>\n<meta property=\"og:site_name\" content=\"Almeida Guimar\u00e3es - Blog\" \/>\n<meta property=\"article:published_time\" content=\"2017-08-01T23:13:41+00:00\" \/>\n<meta property=\"article:modified_time\" content=\"2017-08-01T23:14:26+00:00\" \/>\n<meta property=\"og:image\" content=\"https:\/\/projetosestruturaissp.com.br\/blog\/wp-content\/uploads\/2017\/09\/logo.png\" \/>\n\t<meta property=\"og:image:width\" content=\"148\" \/>\n\t<meta property=\"og:image:height\" content=\"133\" \/>\n\t<meta property=\"og:image:type\" content=\"image\/png\" \/>\n<meta name=\"author\" content=\"AdminAlmeida\" \/>\n<meta name=\"twitter:card\" content=\"summary_large_image\" \/>\n<meta name=\"twitter:label1\" content=\"Escrito por\" \/>\n\t<meta name=\"twitter:data1\" content=\"AdminAlmeida\" \/>\n\t<meta name=\"twitter:label2\" content=\"Est. tempo de leitura\" \/>\n\t<meta name=\"twitter:data2\" content=\"2 minutos\" \/>\n<script type=\"application\/ld+json\" class=\"yoast-schema-graph\">{\"@context\":\"https:\/\/schema.org\",\"@graph\":[{\"@type\":\"Article\",\"@id\":\"https:\/\/projetosestruturaissp.com.br\/blog\/calculo-estrutural\/por-falha-de-calculo-estrutural-justica-condena-um-engenheiro-por-homicidio\/#article\",\"isPartOf\":{\"@id\":\"https:\/\/projetosestruturaissp.com.br\/blog\/calculo-estrutural\/por-falha-de-calculo-estrutural-justica-condena-um-engenheiro-por-homicidio\/\"},\"author\":{\"name\":\"AdminAlmeida\",\"@id\":\"https:\/\/projetosestruturaissp.com.br\/blog\/#\/schema\/person\/2439ab14fa80ae55da5b9581d0b62947\"},\"headline\":\"Por falha de c\u00e1lculo estrutural, justi\u00e7a condena um engenheiro por homic\u00eddio\",\"datePublished\":\"2017-08-01T23:13:41+00:00\",\"dateModified\":\"2017-08-01T23:14:26+00:00\",\"mainEntityOfPage\":{\"@id\":\"https:\/\/projetosestruturaissp.com.br\/blog\/calculo-estrutural\/por-falha-de-calculo-estrutural-justica-condena-um-engenheiro-por-homicidio\/\"},\"wordCount\":342,\"commentCount\":0,\"publisher\":{\"@id\":\"https:\/\/projetosestruturaissp.com.br\/blog\/#organization\"},\"keywords\":[\"calculo estrutural\",\"engenharia civil calculo estrutural\",\"engenharia estrutural\",\"engenheiro calculista\",\"programa de calculo estrutural\"],\"articleSection\":[\"C\u00e1lculo Estrutural\"],\"inLanguage\":\"pt-BR\",\"potentialAction\":[{\"@type\":\"CommentAction\",\"name\":\"Comment\",\"target\":[\"https:\/\/projetosestruturaissp.com.br\/blog\/calculo-estrutural\/por-falha-de-calculo-estrutural-justica-condena-um-engenheiro-por-homicidio\/#respond\"]}]},{\"@type\":\"WebPage\",\"@id\":\"https:\/\/projetosestruturaissp.com.br\/blog\/calculo-estrutural\/por-falha-de-calculo-estrutural-justica-condena-um-engenheiro-por-homicidio\/\",\"url\":\"https:\/\/projetosestruturaissp.com.br\/blog\/calculo-estrutural\/por-falha-de-calculo-estrutural-justica-condena-um-engenheiro-por-homicidio\/\",\"name\":\"Por falha de c\u00e1lculo estrutural, justi\u00e7a condena um engenheiro por homic\u00eddio - Almeida Guimar\u00e3es - Blog\",\"isPartOf\":{\"@id\":\"https:\/\/projetosestruturaissp.com.br\/blog\/#website\"},\"datePublished\":\"2017-08-01T23:13:41+00:00\",\"dateModified\":\"2017-08-01T23:14:26+00:00\",\"breadcrumb\":{\"@id\":\"https:\/\/projetosestruturaissp.com.br\/blog\/calculo-estrutural\/por-falha-de-calculo-estrutural-justica-condena-um-engenheiro-por-homicidio\/#breadcrumb\"},\"inLanguage\":\"pt-BR\",\"potentialAction\":[{\"@type\":\"ReadAction\",\"target\":[\"https:\/\/projetosestruturaissp.com.br\/blog\/calculo-estrutural\/por-falha-de-calculo-estrutural-justica-condena-um-engenheiro-por-homicidio\/\"]}]},{\"@type\":\"BreadcrumbList\",\"@id\":\"https:\/\/projetosestruturaissp.com.br\/blog\/calculo-estrutural\/por-falha-de-calculo-estrutural-justica-condena-um-engenheiro-por-homicidio\/#breadcrumb\",\"itemListElement\":[{\"@type\":\"ListItem\",\"position\":1,\"name\":\"In\u00edcio\",\"item\":\"https:\/\/projetosestruturaissp.com.br\/blog\/\"},{\"@type\":\"ListItem\",\"position\":2,\"name\":\"Por falha de c\u00e1lculo estrutural, justi\u00e7a condena um engenheiro por homic\u00eddio\"}]},{\"@type\":\"WebSite\",\"@id\":\"https:\/\/projetosestruturaissp.com.br\/blog\/#website\",\"url\":\"https:\/\/projetosestruturaissp.com.br\/blog\/\",\"name\":\"Almeida Guimar\u00e3es - Blog\",\"description\":\"Tudo sobre Engenharia\",\"publisher\":{\"@id\":\"https:\/\/projetosestruturaissp.com.br\/blog\/#organization\"},\"potentialAction\":[{\"@type\":\"SearchAction\",\"target\":{\"@type\":\"EntryPoint\",\"urlTemplate\":\"https:\/\/projetosestruturaissp.com.br\/blog\/?s={search_term_string}\"},\"query-input\":{\"@type\":\"PropertyValueSpecification\",\"valueRequired\":true,\"valueName\":\"search_term_string\"}}],\"inLanguage\":\"pt-BR\"},{\"@type\":\"Organization\",\"@id\":\"https:\/\/projetosestruturaissp.com.br\/blog\/#organization\",\"name\":\"Almeida Guimar\u00e3es\",\"url\":\"https:\/\/projetosestruturaissp.com.br\/blog\/\",\"logo\":{\"@type\":\"ImageObject\",\"inLanguage\":\"pt-BR\",\"@id\":\"https:\/\/projetosestruturaissp.com.br\/blog\/#\/schema\/logo\/image\/\",\"url\":\"https:\/\/projetosestruturaissp.com.br\/blog\/wp-content\/uploads\/2017\/09\/logo.png\",\"contentUrl\":\"https:\/\/projetosestruturaissp.com.br\/blog\/wp-content\/uploads\/2017\/09\/logo.png\",\"width\":148,\"height\":133,\"caption\":\"Almeida Guimar\u00e3es\"},\"image\":{\"@id\":\"https:\/\/projetosestruturaissp.com.br\/blog\/#\/schema\/logo\/image\/\"}},{\"@type\":\"Person\",\"@id\":\"https:\/\/projetosestruturaissp.com.br\/blog\/#\/schema\/person\/2439ab14fa80ae55da5b9581d0b62947\",\"name\":\"AdminAlmeida\",\"image\":{\"@type\":\"ImageObject\",\"inLanguage\":\"pt-BR\",\"@id\":\"https:\/\/projetosestruturaissp.com.br\/blog\/#\/schema\/person\/image\/\",\"url\":\"https:\/\/secure.gravatar.com\/avatar\/ae3513de998c4cafca2c6c0c9bf72ba68f9e5b7864428ebeac48c96eba39b07b?s=96&d=mm&r=g\",\"contentUrl\":\"https:\/\/secure.gravatar.com\/avatar\/ae3513de998c4cafca2c6c0c9bf72ba68f9e5b7864428ebeac48c96eba39b07b?s=96&d=mm&r=g\",\"caption\":\"AdminAlmeida\"},\"url\":\"https:\/\/projetosestruturaissp.com.br\/blog\/author\/adminalmeida\/\"}]}<\/script>\n<!-- \/ Yoast SEO plugin. -->","yoast_head_json":{"title":"Por falha de c\u00e1lculo estrutural, justi\u00e7a condena um engenheiro por homic\u00eddio - Almeida Guimar\u00e3es - Blog","robots":{"index":"index","follow":"follow","max-snippet":"max-snippet:-1","max-image-preview":"max-image-preview:large","max-video-preview":"max-video-preview:-1"},"canonical":"https:\/\/projetosestruturaissp.com.br\/blog\/calculo-estrutural\/por-falha-de-calculo-estrutural-justica-condena-um-engenheiro-por-homicidio\/","og_locale":"pt_BR","og_type":"article","og_title":"Por falha de c\u00e1lculo estrutural, justi\u00e7a condena um engenheiro por homic\u00eddio - Almeida Guimar\u00e3es - Blog","og_description":"O nosso engenheiro e professor S\u00e9rgio de Almeida, faz um alerta\u00a0para os profissionais colegas da \u00e1rea de engenharia e tamb\u00e9m aos interessados por um engenheiro calculista. Devido a falha de c\u00e1lculo estrutural\u00a0\u00a0do engenheiro Raimundo Lobato da Silva, que foi o respons\u00e1vel pelos c\u00e1lculos relativos \u00e0&hellip;","og_url":"https:\/\/projetosestruturaissp.com.br\/blog\/calculo-estrutural\/por-falha-de-calculo-estrutural-justica-condena-um-engenheiro-por-homicidio\/","og_site_name":"Almeida Guimar\u00e3es - Blog","article_published_time":"2017-08-01T23:13:41+00:00","article_modified_time":"2017-08-01T23:14:26+00:00","og_image":[{"width":148,"height":133,"url":"https:\/\/projetosestruturaissp.com.br\/blog\/wp-content\/uploads\/2017\/09\/logo.png","type":"image\/png"}],"author":"AdminAlmeida","twitter_card":"summary_large_image","twitter_misc":{"Escrito por":"AdminAlmeida","Est. tempo de leitura":"2 minutos"},"schema":{"@context":"https:\/\/schema.org","@graph":[{"@type":"Article","@id":"https:\/\/projetosestruturaissp.com.br\/blog\/calculo-estrutural\/por-falha-de-calculo-estrutural-justica-condena-um-engenheiro-por-homicidio\/#article","isPartOf":{"@id":"https:\/\/projetosestruturaissp.com.br\/blog\/calculo-estrutural\/por-falha-de-calculo-estrutural-justica-condena-um-engenheiro-por-homicidio\/"},"author":{"name":"AdminAlmeida","@id":"https:\/\/projetosestruturaissp.com.br\/blog\/#\/schema\/person\/2439ab14fa80ae55da5b9581d0b62947"},"headline":"Por falha de c\u00e1lculo estrutural, justi\u00e7a condena um engenheiro por homic\u00eddio","datePublished":"2017-08-01T23:13:41+00:00","dateModified":"2017-08-01T23:14:26+00:00","mainEntityOfPage":{"@id":"https:\/\/projetosestruturaissp.com.br\/blog\/calculo-estrutural\/por-falha-de-calculo-estrutural-justica-condena-um-engenheiro-por-homicidio\/"},"wordCount":342,"commentCount":0,"publisher":{"@id":"https:\/\/projetosestruturaissp.com.br\/blog\/#organization"},"keywords":["calculo estrutural","engenharia civil calculo estrutural","engenharia estrutural","engenheiro calculista","programa de calculo estrutural"],"articleSection":["C\u00e1lculo Estrutural"],"inLanguage":"pt-BR","potentialAction":[{"@type":"CommentAction","name":"Comment","target":["https:\/\/projetosestruturaissp.com.br\/blog\/calculo-estrutural\/por-falha-de-calculo-estrutural-justica-condena-um-engenheiro-por-homicidio\/#respond"]}]},{"@type":"WebPage","@id":"https:\/\/projetosestruturaissp.com.br\/blog\/calculo-estrutural\/por-falha-de-calculo-estrutural-justica-condena-um-engenheiro-por-homicidio\/","url":"https:\/\/projetosestruturaissp.com.br\/blog\/calculo-estrutural\/por-falha-de-calculo-estrutural-justica-condena-um-engenheiro-por-homicidio\/","name":"Por falha de c\u00e1lculo estrutural, justi\u00e7a condena um engenheiro por homic\u00eddio - Almeida Guimar\u00e3es - Blog","isPartOf":{"@id":"https:\/\/projetosestruturaissp.com.br\/blog\/#website"},"datePublished":"2017-08-01T23:13:41+00:00","dateModified":"2017-08-01T23:14:26+00:00","breadcrumb":{"@id":"https:\/\/projetosestruturaissp.com.br\/blog\/calculo-estrutural\/por-falha-de-calculo-estrutural-justica-condena-um-engenheiro-por-homicidio\/#breadcrumb"},"inLanguage":"pt-BR","potentialAction":[{"@type":"ReadAction","target":["https:\/\/projetosestruturaissp.com.br\/blog\/calculo-estrutural\/por-falha-de-calculo-estrutural-justica-condena-um-engenheiro-por-homicidio\/"]}]},{"@type":"BreadcrumbList","@id":"https:\/\/projetosestruturaissp.com.br\/blog\/calculo-estrutural\/por-falha-de-calculo-estrutural-justica-condena-um-engenheiro-por-homicidio\/#breadcrumb","itemListElement":[{"@type":"ListItem","position":1,"name":"In\u00edcio","item":"https:\/\/projetosestruturaissp.com.br\/blog\/"},{"@type":"ListItem","position":2,"name":"Por falha de c\u00e1lculo estrutural, justi\u00e7a condena um engenheiro por homic\u00eddio"}]},{"@type":"WebSite","@id":"https:\/\/projetosestruturaissp.com.br\/blog\/#website","url":"https:\/\/projetosestruturaissp.com.br\/blog\/","name":"Almeida Guimar\u00e3es - Blog","description":"Tudo sobre Engenharia","publisher":{"@id":"https:\/\/projetosestruturaissp.com.br\/blog\/#organization"},"potentialAction":[{"@type":"SearchAction","target":{"@type":"EntryPoint","urlTemplate":"https:\/\/projetosestruturaissp.com.br\/blog\/?s={search_term_string}"},"query-input":{"@type":"PropertyValueSpecification","valueRequired":true,"valueName":"search_term_string"}}],"inLanguage":"pt-BR"},{"@type":"Organization","@id":"https:\/\/projetosestruturaissp.com.br\/blog\/#organization","name":"Almeida Guimar\u00e3es","url":"https:\/\/projetosestruturaissp.com.br\/blog\/","logo":{"@type":"ImageObject","inLanguage":"pt-BR","@id":"https:\/\/projetosestruturaissp.com.br\/blog\/#\/schema\/logo\/image\/","url":"https:\/\/projetosestruturaissp.com.br\/blog\/wp-content\/uploads\/2017\/09\/logo.png","contentUrl":"https:\/\/projetosestruturaissp.com.br\/blog\/wp-content\/uploads\/2017\/09\/logo.png","width":148,"height":133,"caption":"Almeida Guimar\u00e3es"},"image":{"@id":"https:\/\/projetosestruturaissp.com.br\/blog\/#\/schema\/logo\/image\/"}},{"@type":"Person","@id":"https:\/\/projetosestruturaissp.com.br\/blog\/#\/schema\/person\/2439ab14fa80ae55da5b9581d0b62947","name":"AdminAlmeida","image":{"@type":"ImageObject","inLanguage":"pt-BR","@id":"https:\/\/projetosestruturaissp.com.br\/blog\/#\/schema\/person\/image\/","url":"https:\/\/secure.gravatar.com\/avatar\/ae3513de998c4cafca2c6c0c9bf72ba68f9e5b7864428ebeac48c96eba39b07b?s=96&d=mm&r=g","contentUrl":"https:\/\/secure.gravatar.com\/avatar\/ae3513de998c4cafca2c6c0c9bf72ba68f9e5b7864428ebeac48c96eba39b07b?s=96&d=mm&r=g","caption":"AdminAlmeida"},"url":"https:\/\/projetosestruturaissp.com.br\/blog\/author\/adminalmeida\/"}]}},"_links":{"self":[{"href":"https:\/\/projetosestruturaissp.com.br\/blog\/wp-json\/wp\/v2\/posts\/221","targetHints":{"allow":["GET"]}}],"collection":[{"href":"https:\/\/projetosestruturaissp.com.br\/blog\/wp-json\/wp\/v2\/posts"}],"about":[{"href":"https:\/\/projetosestruturaissp.com.br\/blog\/wp-json\/wp\/v2\/types\/post"}],"author":[{"embeddable":true,"href":"https:\/\/projetosestruturaissp.com.br\/blog\/wp-json\/wp\/v2\/users\/1"}],"replies":[{"embeddable":true,"href":"https:\/\/projetosestruturaissp.com.br\/blog\/wp-json\/wp\/v2\/comments?post=221"}],"version-history":[{"count":0,"href":"https:\/\/projetosestruturaissp.com.br\/blog\/wp-json\/wp\/v2\/posts\/221\/revisions"}],"wp:attachment":[{"href":"https:\/\/projetosestruturaissp.com.br\/blog\/wp-json\/wp\/v2\/media?parent=221"}],"wp:term":[{"taxonomy":"category","embeddable":true,"href":"https:\/\/projetosestruturaissp.com.br\/blog\/wp-json\/wp\/v2\/categories?post=221"},{"taxonomy":"post_tag","embeddable":true,"href":"https:\/\/projetosestruturaissp.com.br\/blog\/wp-json\/wp\/v2\/tags?post=221"}],"curies":[{"name":"wp","href":"https:\/\/api.w.org\/{rel}","templated":true}]}}