{"id":262,"date":"2017-09-11T22:19:27","date_gmt":"2017-09-12T01:19:27","guid":{"rendered":"http:\/\/projetosestruturaissp.com.br\/blog\/?p=262"},"modified":"2017-09-11T22:25:31","modified_gmt":"2017-09-12T01:25:31","slug":"placas-de-obras-em-construcao-civil-e-obrigatoria","status":"publish","type":"post","link":"https:\/\/projetosestruturaissp.com.br\/blog\/alvara-de-construcao\/placas-de-obras-em-construcao-civil-e-obrigatoria\/","title":{"rendered":"Placas de Obras em Constru\u00e7\u00e3o Civil \u00e9 Obrigat\u00f3ria"},"content":{"rendered":"<p>A Almeida Guimar\u00e3es faz um alerta a todos os engenheiros colegas, respons\u00e1veis por uma obra de constru\u00e7\u00e3o civil e tamb\u00e9m aos clientes que ir\u00e3o construir, a respeito da obrigatoriedade de ser colocada a placa de identifica\u00e7\u00e3o do profissional.\u00a0Ao contr\u00e1rio, poder\u00e3o receber multa.<\/p>\n<p>Segundo\u00a0o Conselho Regional de Engenharia\u00a0e Agronomia do Estado de S\u00e3o Paulo (CREA-SP):<\/p>\n<p><em>&#8220;Durante sua execu\u00e7\u00e3o, toda obra, servi\u00e7o ou instala\u00e7\u00e3o feitos por profissionais da \u00e1rea tecnol\u00f3gica devem ter uma placa de identifica\u00e7\u00e3o. A placa de obra tem o objetivo de mostrar para a sociedade que os servi\u00e7os realizados naquele local possuem respons\u00e1veis t\u00e9cnicos\/profissionais legalmente habilitados. Al\u00e9m de ser um dever do profissional respons\u00e1vel pela atividade t\u00e9cnica, estabelecido no art. 16 da Lei Federal n\u00ba 5.194\/66, a placa de obra \u00e9 um mecanismo de valoriza\u00e7\u00e3o profissional, pois permite a divulga\u00e7\u00e3o do trabalho profissional de sua autoria. A placa deve ser colocada em local vis\u00edvel e leg\u00edvel do lado da via p\u00fablica. As dimens\u00f5es e o material utilizado na confec\u00e7\u00e3o da placa ficam a crit\u00e9rio do profissional, desde que garantam essas condi\u00e7\u00f5es de visibilidade e legibilidade. Estas s\u00e3o as informa\u00e7\u00f5es m\u00ednimas que devem constar na placa de identifica\u00e7\u00e3o: <\/em><\/p>\n<ul>\n<li><em><em><strong>Nome do profissional<\/strong><\/em><\/em><\/li>\n<li><strong><em><em>T\u00edtulo profissional<\/em><\/em><\/strong><\/li>\n<li><strong><em><em>N\u00ba de registro no Crea<\/em><\/em><\/strong><\/li>\n<li><strong><em><em>Atividade(s) pela(s) qual(is) \u00e9 respons\u00e1vel t\u00e9cnico<\/em><\/em><\/strong><\/li>\n<li><strong><em><em>Nome da empresa que representa (se houver)<\/em><\/em><\/strong><\/li>\n<li><strong><em><em>N\u00famero da(s) ART(s) correspondente(s)<\/em><\/em><\/strong><\/li>\n<li><strong><em><em>Dados para contato<\/em><\/em><\/strong><\/li>\n<\/ul>\n<p><em>O Crea-SP vem orientando os respons\u00e1veis t\u00e9cnicos para que regularizem a situa\u00e7\u00e3o de suas obras e providenciem a instala\u00e7\u00e3o da placa. Obra sem placa est\u00e1 irregular e os infratores est\u00e3o sujeitos ao pagamento de multa. \u201cA placa refor\u00e7a na mem\u00f3ria coletiva a ideia de que aquele servi\u00e7o t\u00e9cnico est\u00e1 associado a um profissional devidamente habilitado, o que, al\u00e9m de valorizar esse profissional, traz um sentimento de seguran\u00e7a para a popula\u00e7\u00e3o\u201d, ressalta o Chefe da Unidade de Planejamento de Fiscaliza\u00e7\u00e3o do Conselho, Jos\u00e9 Pires da Ch\u00e3o&#8221; (<a href=\"http:\/\/www.creasp.org.br\/noticia\/fiscalizacao\/2017\/09\/11\/placa-de-obra-dever-legal-e-valorizacao-profissional\/2624\">Produzido pelo Departamneto de Comunica\u00e7\u00e3o do Crea-SP<\/a>).<\/em><\/p>\n<p>Em caso de d\u00favidas, podem entrar em <a href=\"http:\/\/projetosestruturaissp.com.br\/contato.html\">contato<\/a> com a nossa equipe de engenheiros.<\/p>\n","protected":false},"excerpt":{"rendered":"<p>A Almeida Guimar\u00e3es faz um alerta a todos os engenheiros colegas, respons\u00e1veis por uma obra de constru\u00e7\u00e3o civil e tamb\u00e9m aos clientes que ir\u00e3o construir, a respeito da obrigatoriedade de ser colocada a placa de identifica\u00e7\u00e3o do profissional.\u00a0Ao contr\u00e1rio, poder\u00e3o receber multa. Segundo\u00a0o Conselho Regional&hellip;<\/p>\n","protected":false},"author":1,"featured_media":264,"comment_status":"open","ping_status":"open","sticky":false,"template":"","format":"standard","meta":{"footnotes":""},"categories":[2],"tags":[96,95],"class_list":["post-262","post","type-post","status-publish","format-standard","has-post-thumbnail","hentry","category-alvara-de-construcao","tag-placas-de-obra-construcao-civil","tag-placas-de-obras"],"yoast_head":"<!-- This site is optimized with the Yoast SEO plugin v25.2 - https:\/\/yoast.com\/wordpress\/plugins\/seo\/ -->\n<title>Placas de Obras em Constru\u00e7\u00e3o Civil \u00e9 Obrigat\u00f3ria - Almeida Guimar\u00e3es - Blog<\/title>\n<meta name=\"robots\" content=\"index, follow, max-snippet:-1, max-image-preview:large, max-video-preview:-1\" \/>\n<link rel=\"canonical\" href=\"https:\/\/projetosestruturaissp.com.br\/blog\/alvara-de-construcao\/placas-de-obras-em-construcao-civil-e-obrigatoria\/\" \/>\n<meta property=\"og:locale\" content=\"pt_BR\" \/>\n<meta property=\"og:type\" content=\"article\" \/>\n<meta property=\"og:title\" content=\"Placas de Obras em Constru\u00e7\u00e3o Civil \u00e9 Obrigat\u00f3ria - Almeida Guimar\u00e3es - Blog\" \/>\n<meta property=\"og:description\" content=\"A Almeida Guimar\u00e3es faz um alerta a todos os engenheiros colegas, respons\u00e1veis por uma obra de constru\u00e7\u00e3o civil e tamb\u00e9m aos clientes que ir\u00e3o construir, a respeito da obrigatoriedade de ser colocada a placa de identifica\u00e7\u00e3o do profissional.\u00a0Ao contr\u00e1rio, poder\u00e3o receber multa. Segundo\u00a0o Conselho Regional&hellip;\" \/>\n<meta property=\"og:url\" content=\"https:\/\/projetosestruturaissp.com.br\/blog\/alvara-de-construcao\/placas-de-obras-em-construcao-civil-e-obrigatoria\/\" \/>\n<meta property=\"og:site_name\" content=\"Almeida Guimar\u00e3es - Blog\" \/>\n<meta property=\"article:published_time\" content=\"2017-09-12T01:19:27+00:00\" \/>\n<meta property=\"article:modified_time\" content=\"2017-09-12T01:25:31+00:00\" \/>\n<meta property=\"og:image\" content=\"https:\/\/projetosestruturaissp.com.br\/blog\/wp-content\/uploads\/2017\/09\/Placa-constru\u00e7\u00e3o-c\u00edvil-Almeida-Guimar\u00e3es.jpg\" \/>\n\t<meta property=\"og:image:width\" content=\"1280\" \/>\n\t<meta property=\"og:image:height\" content=\"1280\" \/>\n\t<meta property=\"og:image:type\" content=\"image\/jpeg\" \/>\n<meta name=\"author\" content=\"AdminAlmeida\" \/>\n<meta name=\"twitter:card\" content=\"summary_large_image\" \/>\n<meta name=\"twitter:label1\" content=\"Escrito por\" \/>\n\t<meta name=\"twitter:data1\" content=\"AdminAlmeida\" \/>\n\t<meta name=\"twitter:label2\" content=\"Est. tempo de leitura\" \/>\n\t<meta name=\"twitter:data2\" content=\"2 minutos\" \/>\n<script type=\"application\/ld+json\" class=\"yoast-schema-graph\">{\"@context\":\"https:\/\/schema.org\",\"@graph\":[{\"@type\":\"Article\",\"@id\":\"https:\/\/projetosestruturaissp.com.br\/blog\/alvara-de-construcao\/placas-de-obras-em-construcao-civil-e-obrigatoria\/#article\",\"isPartOf\":{\"@id\":\"https:\/\/projetosestruturaissp.com.br\/blog\/alvara-de-construcao\/placas-de-obras-em-construcao-civil-e-obrigatoria\/\"},\"author\":{\"name\":\"AdminAlmeida\",\"@id\":\"https:\/\/projetosestruturaissp.com.br\/blog\/#\/schema\/person\/2439ab14fa80ae55da5b9581d0b62947\"},\"headline\":\"Placas de Obras em Constru\u00e7\u00e3o Civil \u00e9 Obrigat\u00f3ria\",\"datePublished\":\"2017-09-12T01:19:27+00:00\",\"dateModified\":\"2017-09-12T01:25:31+00:00\",\"mainEntityOfPage\":{\"@id\":\"https:\/\/projetosestruturaissp.com.br\/blog\/alvara-de-construcao\/placas-de-obras-em-construcao-civil-e-obrigatoria\/\"},\"wordCount\":392,\"commentCount\":12,\"publisher\":{\"@id\":\"https:\/\/projetosestruturaissp.com.br\/blog\/#organization\"},\"image\":{\"@id\":\"https:\/\/projetosestruturaissp.com.br\/blog\/alvara-de-construcao\/placas-de-obras-em-construcao-civil-e-obrigatoria\/#primaryimage\"},\"thumbnailUrl\":\"https:\/\/projetosestruturaissp.com.br\/blog\/wp-content\/uploads\/2017\/09\/Placa-constru\u00e7\u00e3o-c\u00edvil-Almeida-Guimar\u00e3es.jpg\",\"keywords\":[\"placas de obra constru\u00e7\u00e3o civil\",\"placas de obras\"],\"articleSection\":[\"Alvar\u00e1 de Constru\u00e7\u00e3o\"],\"inLanguage\":\"pt-BR\",\"potentialAction\":[{\"@type\":\"CommentAction\",\"name\":\"Comment\",\"target\":[\"https:\/\/projetosestruturaissp.com.br\/blog\/alvara-de-construcao\/placas-de-obras-em-construcao-civil-e-obrigatoria\/#respond\"]}]},{\"@type\":\"WebPage\",\"@id\":\"https:\/\/projetosestruturaissp.com.br\/blog\/alvara-de-construcao\/placas-de-obras-em-construcao-civil-e-obrigatoria\/\",\"url\":\"https:\/\/projetosestruturaissp.com.br\/blog\/alvara-de-construcao\/placas-de-obras-em-construcao-civil-e-obrigatoria\/\",\"name\":\"Placas de Obras em Constru\u00e7\u00e3o Civil \u00e9 Obrigat\u00f3ria - Almeida Guimar\u00e3es - Blog\",\"isPartOf\":{\"@id\":\"https:\/\/projetosestruturaissp.com.br\/blog\/#website\"},\"primaryImageOfPage\":{\"@id\":\"https:\/\/projetosestruturaissp.com.br\/blog\/alvara-de-construcao\/placas-de-obras-em-construcao-civil-e-obrigatoria\/#primaryimage\"},\"image\":{\"@id\":\"https:\/\/projetosestruturaissp.com.br\/blog\/alvara-de-construcao\/placas-de-obras-em-construcao-civil-e-obrigatoria\/#primaryimage\"},\"thumbnailUrl\":\"https:\/\/projetosestruturaissp.com.br\/blog\/wp-content\/uploads\/2017\/09\/Placa-constru\u00e7\u00e3o-c\u00edvil-Almeida-Guimar\u00e3es.jpg\",\"datePublished\":\"2017-09-12T01:19:27+00:00\",\"dateModified\":\"2017-09-12T01:25:31+00:00\",\"breadcrumb\":{\"@id\":\"https:\/\/projetosestruturaissp.com.br\/blog\/alvara-de-construcao\/placas-de-obras-em-construcao-civil-e-obrigatoria\/#breadcrumb\"},\"inLanguage\":\"pt-BR\",\"potentialAction\":[{\"@type\":\"ReadAction\",\"target\":[\"https:\/\/projetosestruturaissp.com.br\/blog\/alvara-de-construcao\/placas-de-obras-em-construcao-civil-e-obrigatoria\/\"]}]},{\"@type\":\"ImageObject\",\"inLanguage\":\"pt-BR\",\"@id\":\"https:\/\/projetosestruturaissp.com.br\/blog\/alvara-de-construcao\/placas-de-obras-em-construcao-civil-e-obrigatoria\/#primaryimage\",\"url\":\"https:\/\/projetosestruturaissp.com.br\/blog\/wp-content\/uploads\/2017\/09\/Placa-constru\u00e7\u00e3o-c\u00edvil-Almeida-Guimar\u00e3es.jpg\",\"contentUrl\":\"https:\/\/projetosestruturaissp.com.br\/blog\/wp-content\/uploads\/2017\/09\/Placa-constru\u00e7\u00e3o-c\u00edvil-Almeida-Guimar\u00e3es.jpg\",\"width\":1280,\"height\":1280,\"caption\":\"Modelo de Placa Constru\u00e7\u00e3o Civil Almeida Guimar\u00e3es\"},{\"@type\":\"BreadcrumbList\",\"@id\":\"https:\/\/projetosestruturaissp.com.br\/blog\/alvara-de-construcao\/placas-de-obras-em-construcao-civil-e-obrigatoria\/#breadcrumb\",\"itemListElement\":[{\"@type\":\"ListItem\",\"position\":1,\"name\":\"In\u00edcio\",\"item\":\"https:\/\/projetosestruturaissp.com.br\/blog\/\"},{\"@type\":\"ListItem\",\"position\":2,\"name\":\"Placas de Obras em Constru\u00e7\u00e3o Civil \u00e9 Obrigat\u00f3ria\"}]},{\"@type\":\"WebSite\",\"@id\":\"https:\/\/projetosestruturaissp.com.br\/blog\/#website\",\"url\":\"https:\/\/projetosestruturaissp.com.br\/blog\/\",\"name\":\"Almeida Guimar\u00e3es - Blog\",\"description\":\"Tudo sobre Engenharia\",\"publisher\":{\"@id\":\"https:\/\/projetosestruturaissp.com.br\/blog\/#organization\"},\"potentialAction\":[{\"@type\":\"SearchAction\",\"target\":{\"@type\":\"EntryPoint\",\"urlTemplate\":\"https:\/\/projetosestruturaissp.com.br\/blog\/?s={search_term_string}\"},\"query-input\":{\"@type\":\"PropertyValueSpecification\",\"valueRequired\":true,\"valueName\":\"search_term_string\"}}],\"inLanguage\":\"pt-BR\"},{\"@type\":\"Organization\",\"@id\":\"https:\/\/projetosestruturaissp.com.br\/blog\/#organization\",\"name\":\"Almeida Guimar\u00e3es\",\"url\":\"https:\/\/projetosestruturaissp.com.br\/blog\/\",\"logo\":{\"@type\":\"ImageObject\",\"inLanguage\":\"pt-BR\",\"@id\":\"https:\/\/projetosestruturaissp.com.br\/blog\/#\/schema\/logo\/image\/\",\"url\":\"https:\/\/projetosestruturaissp.com.br\/blog\/wp-content\/uploads\/2017\/09\/logo.png\",\"contentUrl\":\"https:\/\/projetosestruturaissp.com.br\/blog\/wp-content\/uploads\/2017\/09\/logo.png\",\"width\":148,\"height\":133,\"caption\":\"Almeida Guimar\u00e3es\"},\"image\":{\"@id\":\"https:\/\/projetosestruturaissp.com.br\/blog\/#\/schema\/logo\/image\/\"}},{\"@type\":\"Person\",\"@id\":\"https:\/\/projetosestruturaissp.com.br\/blog\/#\/schema\/person\/2439ab14fa80ae55da5b9581d0b62947\",\"name\":\"AdminAlmeida\",\"image\":{\"@type\":\"ImageObject\",\"inLanguage\":\"pt-BR\",\"@id\":\"https:\/\/projetosestruturaissp.com.br\/blog\/#\/schema\/person\/image\/\",\"url\":\"https:\/\/secure.gravatar.com\/avatar\/ae3513de998c4cafca2c6c0c9bf72ba68f9e5b7864428ebeac48c96eba39b07b?s=96&d=mm&r=g\",\"contentUrl\":\"https:\/\/secure.gravatar.com\/avatar\/ae3513de998c4cafca2c6c0c9bf72ba68f9e5b7864428ebeac48c96eba39b07b?s=96&d=mm&r=g\",\"caption\":\"AdminAlmeida\"},\"url\":\"https:\/\/projetosestruturaissp.com.br\/blog\/author\/adminalmeida\/\"}]}<\/script>\n<!-- \/ Yoast SEO plugin. -->","yoast_head_json":{"title":"Placas de Obras em Constru\u00e7\u00e3o Civil \u00e9 Obrigat\u00f3ria - Almeida Guimar\u00e3es - Blog","robots":{"index":"index","follow":"follow","max-snippet":"max-snippet:-1","max-image-preview":"max-image-preview:large","max-video-preview":"max-video-preview:-1"},"canonical":"https:\/\/projetosestruturaissp.com.br\/blog\/alvara-de-construcao\/placas-de-obras-em-construcao-civil-e-obrigatoria\/","og_locale":"pt_BR","og_type":"article","og_title":"Placas de Obras em Constru\u00e7\u00e3o Civil \u00e9 Obrigat\u00f3ria - Almeida Guimar\u00e3es - Blog","og_description":"A Almeida Guimar\u00e3es faz um alerta a todos os engenheiros colegas, respons\u00e1veis por uma obra de constru\u00e7\u00e3o civil e tamb\u00e9m aos clientes que ir\u00e3o construir, a respeito da obrigatoriedade de ser colocada a placa de identifica\u00e7\u00e3o do profissional.\u00a0Ao contr\u00e1rio, poder\u00e3o receber multa. Segundo\u00a0o Conselho Regional&hellip;","og_url":"https:\/\/projetosestruturaissp.com.br\/blog\/alvara-de-construcao\/placas-de-obras-em-construcao-civil-e-obrigatoria\/","og_site_name":"Almeida Guimar\u00e3es - Blog","article_published_time":"2017-09-12T01:19:27+00:00","article_modified_time":"2017-09-12T01:25:31+00:00","og_image":[{"width":1280,"height":1280,"url":"https:\/\/projetosestruturaissp.com.br\/blog\/wp-content\/uploads\/2017\/09\/Placa-constru\u00e7\u00e3o-c\u00edvil-Almeida-Guimar\u00e3es.jpg","type":"image\/jpeg"}],"author":"AdminAlmeida","twitter_card":"summary_large_image","twitter_misc":{"Escrito por":"AdminAlmeida","Est. tempo de leitura":"2 minutos"},"schema":{"@context":"https:\/\/schema.org","@graph":[{"@type":"Article","@id":"https:\/\/projetosestruturaissp.com.br\/blog\/alvara-de-construcao\/placas-de-obras-em-construcao-civil-e-obrigatoria\/#article","isPartOf":{"@id":"https:\/\/projetosestruturaissp.com.br\/blog\/alvara-de-construcao\/placas-de-obras-em-construcao-civil-e-obrigatoria\/"},"author":{"name":"AdminAlmeida","@id":"https:\/\/projetosestruturaissp.com.br\/blog\/#\/schema\/person\/2439ab14fa80ae55da5b9581d0b62947"},"headline":"Placas de Obras em Constru\u00e7\u00e3o Civil \u00e9 Obrigat\u00f3ria","datePublished":"2017-09-12T01:19:27+00:00","dateModified":"2017-09-12T01:25:31+00:00","mainEntityOfPage":{"@id":"https:\/\/projetosestruturaissp.com.br\/blog\/alvara-de-construcao\/placas-de-obras-em-construcao-civil-e-obrigatoria\/"},"wordCount":392,"commentCount":12,"publisher":{"@id":"https:\/\/projetosestruturaissp.com.br\/blog\/#organization"},"image":{"@id":"https:\/\/projetosestruturaissp.com.br\/blog\/alvara-de-construcao\/placas-de-obras-em-construcao-civil-e-obrigatoria\/#primaryimage"},"thumbnailUrl":"https:\/\/projetosestruturaissp.com.br\/blog\/wp-content\/uploads\/2017\/09\/Placa-constru\u00e7\u00e3o-c\u00edvil-Almeida-Guimar\u00e3es.jpg","keywords":["placas de obra constru\u00e7\u00e3o civil","placas de obras"],"articleSection":["Alvar\u00e1 de Constru\u00e7\u00e3o"],"inLanguage":"pt-BR","potentialAction":[{"@type":"CommentAction","name":"Comment","target":["https:\/\/projetosestruturaissp.com.br\/blog\/alvara-de-construcao\/placas-de-obras-em-construcao-civil-e-obrigatoria\/#respond"]}]},{"@type":"WebPage","@id":"https:\/\/projetosestruturaissp.com.br\/blog\/alvara-de-construcao\/placas-de-obras-em-construcao-civil-e-obrigatoria\/","url":"https:\/\/projetosestruturaissp.com.br\/blog\/alvara-de-construcao\/placas-de-obras-em-construcao-civil-e-obrigatoria\/","name":"Placas de Obras em Constru\u00e7\u00e3o Civil \u00e9 Obrigat\u00f3ria - Almeida Guimar\u00e3es - Blog","isPartOf":{"@id":"https:\/\/projetosestruturaissp.com.br\/blog\/#website"},"primaryImageOfPage":{"@id":"https:\/\/projetosestruturaissp.com.br\/blog\/alvara-de-construcao\/placas-de-obras-em-construcao-civil-e-obrigatoria\/#primaryimage"},"image":{"@id":"https:\/\/projetosestruturaissp.com.br\/blog\/alvara-de-construcao\/placas-de-obras-em-construcao-civil-e-obrigatoria\/#primaryimage"},"thumbnailUrl":"https:\/\/projetosestruturaissp.com.br\/blog\/wp-content\/uploads\/2017\/09\/Placa-constru\u00e7\u00e3o-c\u00edvil-Almeida-Guimar\u00e3es.jpg","datePublished":"2017-09-12T01:19:27+00:00","dateModified":"2017-09-12T01:25:31+00:00","breadcrumb":{"@id":"https:\/\/projetosestruturaissp.com.br\/blog\/alvara-de-construcao\/placas-de-obras-em-construcao-civil-e-obrigatoria\/#breadcrumb"},"inLanguage":"pt-BR","potentialAction":[{"@type":"ReadAction","target":["https:\/\/projetosestruturaissp.com.br\/blog\/alvara-de-construcao\/placas-de-obras-em-construcao-civil-e-obrigatoria\/"]}]},{"@type":"ImageObject","inLanguage":"pt-BR","@id":"https:\/\/projetosestruturaissp.com.br\/blog\/alvara-de-construcao\/placas-de-obras-em-construcao-civil-e-obrigatoria\/#primaryimage","url":"https:\/\/projetosestruturaissp.com.br\/blog\/wp-content\/uploads\/2017\/09\/Placa-constru\u00e7\u00e3o-c\u00edvil-Almeida-Guimar\u00e3es.jpg","contentUrl":"https:\/\/projetosestruturaissp.com.br\/blog\/wp-content\/uploads\/2017\/09\/Placa-constru\u00e7\u00e3o-c\u00edvil-Almeida-Guimar\u00e3es.jpg","width":1280,"height":1280,"caption":"Modelo de Placa Constru\u00e7\u00e3o Civil Almeida Guimar\u00e3es"},{"@type":"BreadcrumbList","@id":"https:\/\/projetosestruturaissp.com.br\/blog\/alvara-de-construcao\/placas-de-obras-em-construcao-civil-e-obrigatoria\/#breadcrumb","itemListElement":[{"@type":"ListItem","position":1,"name":"In\u00edcio","item":"https:\/\/projetosestruturaissp.com.br\/blog\/"},{"@type":"ListItem","position":2,"name":"Placas de Obras em Constru\u00e7\u00e3o Civil \u00e9 Obrigat\u00f3ria"}]},{"@type":"WebSite","@id":"https:\/\/projetosestruturaissp.com.br\/blog\/#website","url":"https:\/\/projetosestruturaissp.com.br\/blog\/","name":"Almeida Guimar\u00e3es - Blog","description":"Tudo sobre Engenharia","publisher":{"@id":"https:\/\/projetosestruturaissp.com.br\/blog\/#organization"},"potentialAction":[{"@type":"SearchAction","target":{"@type":"EntryPoint","urlTemplate":"https:\/\/projetosestruturaissp.com.br\/blog\/?s={search_term_string}"},"query-input":{"@type":"PropertyValueSpecification","valueRequired":true,"valueName":"search_term_string"}}],"inLanguage":"pt-BR"},{"@type":"Organization","@id":"https:\/\/projetosestruturaissp.com.br\/blog\/#organization","name":"Almeida Guimar\u00e3es","url":"https:\/\/projetosestruturaissp.com.br\/blog\/","logo":{"@type":"ImageObject","inLanguage":"pt-BR","@id":"https:\/\/projetosestruturaissp.com.br\/blog\/#\/schema\/logo\/image\/","url":"https:\/\/projetosestruturaissp.com.br\/blog\/wp-content\/uploads\/2017\/09\/logo.png","contentUrl":"https:\/\/projetosestruturaissp.com.br\/blog\/wp-content\/uploads\/2017\/09\/logo.png","width":148,"height":133,"caption":"Almeida Guimar\u00e3es"},"image":{"@id":"https:\/\/projetosestruturaissp.com.br\/blog\/#\/schema\/logo\/image\/"}},{"@type":"Person","@id":"https:\/\/projetosestruturaissp.com.br\/blog\/#\/schema\/person\/2439ab14fa80ae55da5b9581d0b62947","name":"AdminAlmeida","image":{"@type":"ImageObject","inLanguage":"pt-BR","@id":"https:\/\/projetosestruturaissp.com.br\/blog\/#\/schema\/person\/image\/","url":"https:\/\/secure.gravatar.com\/avatar\/ae3513de998c4cafca2c6c0c9bf72ba68f9e5b7864428ebeac48c96eba39b07b?s=96&d=mm&r=g","contentUrl":"https:\/\/secure.gravatar.com\/avatar\/ae3513de998c4cafca2c6c0c9bf72ba68f9e5b7864428ebeac48c96eba39b07b?s=96&d=mm&r=g","caption":"AdminAlmeida"},"url":"https:\/\/projetosestruturaissp.com.br\/blog\/author\/adminalmeida\/"}]}},"_links":{"self":[{"href":"https:\/\/projetosestruturaissp.com.br\/blog\/wp-json\/wp\/v2\/posts\/262","targetHints":{"allow":["GET"]}}],"collection":[{"href":"https:\/\/projetosestruturaissp.com.br\/blog\/wp-json\/wp\/v2\/posts"}],"about":[{"href":"https:\/\/projetosestruturaissp.com.br\/blog\/wp-json\/wp\/v2\/types\/post"}],"author":[{"embeddable":true,"href":"https:\/\/projetosestruturaissp.com.br\/blog\/wp-json\/wp\/v2\/users\/1"}],"replies":[{"embeddable":true,"href":"https:\/\/projetosestruturaissp.com.br\/blog\/wp-json\/wp\/v2\/comments?post=262"}],"version-history":[{"count":0,"href":"https:\/\/projetosestruturaissp.com.br\/blog\/wp-json\/wp\/v2\/posts\/262\/revisions"}],"wp:featuredmedia":[{"embeddable":true,"href":"https:\/\/projetosestruturaissp.com.br\/blog\/wp-json\/wp\/v2\/media\/264"}],"wp:attachment":[{"href":"https:\/\/projetosestruturaissp.com.br\/blog\/wp-json\/wp\/v2\/media?parent=262"}],"wp:term":[{"taxonomy":"category","embeddable":true,"href":"https:\/\/projetosestruturaissp.com.br\/blog\/wp-json\/wp\/v2\/categories?post=262"},{"taxonomy":"post_tag","embeddable":true,"href":"https:\/\/projetosestruturaissp.com.br\/blog\/wp-json\/wp\/v2\/tags?post=262"}],"curies":[{"name":"wp","href":"https:\/\/api.w.org\/{rel}","templated":true}]}}