{"id":529,"date":"2019-12-10T21:01:56","date_gmt":"2019-12-11T00:01:56","guid":{"rendered":"https:\/\/projetosestruturaissp.com.br\/blog\/?p=529"},"modified":"2023-03-29T18:05:46","modified_gmt":"2023-03-29T21:05:46","slug":"avaliacao-estrutural","status":"publish","type":"post","link":"https:\/\/projetosestruturaissp.com.br\/blog\/calculo-estrutural\/avaliacao-estrutural\/","title":{"rendered":"Avalia\u00e7\u00e3o Estrutural"},"content":{"rendered":"<p style=\"text-align: justify;\" align=\"center\"><strong>Avalia\u00e7\u00e3o estrutural<\/strong> consiste na observa\u00e7\u00e3o de projetos e metodologia de c\u00e1lculos adotados para confec\u00e7\u00e3o de uma estrutura. Por\u00e9m, por vezes nos deparamos com estruturas que n\u00e3o possuem projetos t\u00e3o pouco mem\u00f3ria de c\u00e1lculo. Quando isto acontece, o engenheiro especialista em estruturas deve seguir os seguintes procedimentos:<\/p>\n<ul>\n<li>\n<p>Mapear os elementos estruturais, tais como, vigas, lajes e pilares. Este mapeamento consiste em montar um isom\u00e9trico da estrutura em auto cad com as larguras, comprimentos e alturas dos elementos estruturais (vigas, pilares e lajes);<\/p>\n<\/li>\n<li>\n<p>Escanear cada elemento estrutural atrav\u00e9s do ensaio de pacometria, a fim de levantar as taxas de armadura para se\u00e7\u00e3o de concreto existente;<\/p>\n<\/li>\n<li>\n<p>Fazer extra\u00e7\u00e3o de corpo de prova e mandar para laborat\u00f3rio qualificado, a fim de romper este testemunho para levantar a resist\u00eancia caracter\u00edstica do concreto;<\/p>\n<\/li>\n<li>\n<p>Calcular a estrutura com observ\u00e2ncia a NBR 6118 e NBR 6120 da ABNT (Associa\u00e7\u00e3o Brasileira de Normas T\u00e9cnicas);<\/p>\n<\/li>\n<li>\n<p>E por fim, comparar o novo calculo com o que foi levantado in loco para saber se h\u00e1 paridade entre calculado e executado.<\/p>\n<h2 style=\"text-align: center;\">\u00a0<\/h2>\n<h2 style=\"text-align: left;\">Avalia\u00e7\u00e3o Estrutural com C\u00e1lculo de Refor\u00e7o de Estrutura<\/h2>\n<\/li>\n<\/ul>\n<p>Caso o Engenheiro observe que n\u00e3o h\u00e1 paridade, ele deve proceder com projeto e c\u00e1lculo de refor\u00e7o da estrutura, para dessa forma garantir sua estabilidade.<\/p>\n<p>Dentro dos trabalhos de avalia\u00e7\u00e3o estrutural, que no \u00e2mbito da Engenharia podemos dizer que, temos muitas observa\u00e7\u00f5es a serem feitas em rela\u00e7\u00f5es aos elementos estruturais e suas utiliza\u00e7\u00f5es. \u00c9 comum nas grandes cidades, nos depararmos com edif\u00edcios que tem sua categoria de uso modificada sem an\u00e1lise da estrutura. Ou seja, o edif\u00edcio foi calculado para utiliza\u00e7\u00e3o multifamiliar e agora passa ser comercial e isto \u00e9 um problema. De acordo com a NBR 6120 temos uma carga de utiliza\u00e7\u00e3o que parte de 150 kgf\/m\u00b2 para 300 kgf\/m\u00b2, ou mais, e isto traz problemas para lajes, vigas, pilares e funda\u00e7\u00f5es.<\/p>\n<p>Com a mudan\u00e7a na categoria de uso come\u00e7am tamb\u00e9m as interven\u00e7\u00f5es para nova demanda de el\u00e9trica e hidr\u00e1ulica e \u00e9 comum vermos situa\u00e7\u00f5es como a imagem abaixo:<\/p>\n<figure id=\"attachment_531\" aria-describedby=\"caption-attachment-531\" style=\"width: 683px\" class=\"wp-caption alignnone\"><img loading=\"lazy\" decoding=\"async\" class=\" wp-image-531\" src=\"https:\/\/projetosestruturaissp.com.br\/blog\/wp-content\/uploads\/2019\/12\/Furos-nas-vigas-que-diminuem-a-se\u00e7\u00e3o-de-concreto.jpg\" alt=\"Furos nas vigas que diminuem a se\u00e7\u00e3o de concreto\" width=\"683\" height=\"594\" srcset=\"https:\/\/projetosestruturaissp.com.br\/blog\/wp-content\/uploads\/2019\/12\/Furos-nas-vigas-que-diminuem-a-se\u00e7\u00e3o-de-concreto.jpg 882w, https:\/\/projetosestruturaissp.com.br\/blog\/wp-content\/uploads\/2019\/12\/Furos-nas-vigas-que-diminuem-a-se\u00e7\u00e3o-de-concreto-300x261.jpg 300w, https:\/\/projetosestruturaissp.com.br\/blog\/wp-content\/uploads\/2019\/12\/Furos-nas-vigas-que-diminuem-a-se\u00e7\u00e3o-de-concreto-768x669.jpg 768w\" sizes=\"auto, (max-width: 683px) 100vw, 683px\" \/><figcaption id=\"caption-attachment-531\" class=\"wp-caption-text\">Furos nas vigas que diminuem a se\u00e7\u00e3o de concreto<\/figcaption><\/figure>\n<p>&nbsp;<\/p>\n<figure id=\"attachment_532\" aria-describedby=\"caption-attachment-532\" style=\"width: 688px\" class=\"wp-caption alignnone\"><img loading=\"lazy\" decoding=\"async\" class=\" wp-image-532\" src=\"https:\/\/projetosestruturaissp.com.br\/blog\/wp-content\/uploads\/2019\/12\/Avalia\u00e7\u00e3o-estrutural-de-Furos-nas-vigas-que-diminuem-a-se\u00e7\u00e3o-de-concreto-1.jpg\" alt=\"Avalia\u00e7\u00e3o estrutural de Furos nas vigas que diminuem a se\u00e7\u00e3o de concreto\" width=\"688\" height=\"579\" srcset=\"https:\/\/projetosestruturaissp.com.br\/blog\/wp-content\/uploads\/2019\/12\/Avalia\u00e7\u00e3o-estrutural-de-Furos-nas-vigas-que-diminuem-a-se\u00e7\u00e3o-de-concreto-1.jpg 924w, https:\/\/projetosestruturaissp.com.br\/blog\/wp-content\/uploads\/2019\/12\/Avalia\u00e7\u00e3o-estrutural-de-Furos-nas-vigas-que-diminuem-a-se\u00e7\u00e3o-de-concreto-1-300x253.jpg 300w, https:\/\/projetosestruturaissp.com.br\/blog\/wp-content\/uploads\/2019\/12\/Avalia\u00e7\u00e3o-estrutural-de-Furos-nas-vigas-que-diminuem-a-se\u00e7\u00e3o-de-concreto-1-768x647.jpg 768w\" sizes=\"auto, (max-width: 688px) 100vw, 688px\" \/><figcaption id=\"caption-attachment-532\" class=\"wp-caption-text\">Furos nas vigas que diminuem a se\u00e7\u00e3o de concreto<\/figcaption><\/figure>\n<h2>Erro Grave por falta de Avalia\u00e7\u00e3o correta de Engenheiro Novato<\/h2>\n<p>\u00c9 comum, vermos Arquitetos e Engenheiros de primeira viagem, fazerem uso do item 13.2.5.1 e 13.2.5.2 da NBR 6118 para abertura de furos em elementos estruturais, o que \u00e9 um erro grave.<\/p>\n<p>Lembrando que a NBR 6118 trata dos elementos em sua fase de projeto, ou seja, antes da sua execu\u00e7\u00e3o, nos casos da necessidade de furos em vigas existentes, que n\u00e3o contemplavam estas interven\u00e7\u00f5es em fase de projeto, deve se proceder com refor\u00e7o estrutural do elemento, que hoje pode ser feito com fibra de carbono conforme imagem abaixo:<\/p>\n<figure id=\"attachment_533\" aria-describedby=\"caption-attachment-533\" style=\"width: 600px\" class=\"wp-caption alignnone\"><img loading=\"lazy\" decoding=\"async\" class=\"size-full wp-image-533\" src=\"https:\/\/projetosestruturaissp.com.br\/blog\/wp-content\/uploads\/2019\/12\/Avalia\u00e7\u00e3o-estrutural-de-refor\u00e7o-em-viga-com-fibra-de-carbono.jpg\" alt=\"Refor\u00e7o em viga com fibra de carbono\" width=\"600\" height=\"450\" srcset=\"https:\/\/projetosestruturaissp.com.br\/blog\/wp-content\/uploads\/2019\/12\/Avalia\u00e7\u00e3o-estrutural-de-refor\u00e7o-em-viga-com-fibra-de-carbono.jpg 600w, https:\/\/projetosestruturaissp.com.br\/blog\/wp-content\/uploads\/2019\/12\/Avalia\u00e7\u00e3o-estrutural-de-refor\u00e7o-em-viga-com-fibra-de-carbono-300x225.jpg 300w\" sizes=\"auto, (max-width: 600px) 100vw, 600px\" \/><figcaption id=\"caption-attachment-533\" class=\"wp-caption-text\">Refor\u00e7o em viga com fibra de carbono\u00a0para execu\u00e7\u00e3o de furo para passagem de eletrocalha<\/figcaption><\/figure>\n<p>&nbsp;<\/p>\n<figure id=\"attachment_535\" aria-describedby=\"caption-attachment-535\" style=\"width: 598px\" class=\"wp-caption alignnone\"><img loading=\"lazy\" decoding=\"async\" class=\" wp-image-535\" src=\"https:\/\/projetosestruturaissp.com.br\/blog\/wp-content\/uploads\/2019\/12\/Avalia\u00e7\u00e3o-estrutural-de-refor\u00e7o-em-laje-com-fibra-de-carbono.jpg\" alt=\"Avalia\u00e7\u00e3o estrutural de refor\u00e7o em laje com fibra de carbono\" width=\"598\" height=\"449\" srcset=\"https:\/\/projetosestruturaissp.com.br\/blog\/wp-content\/uploads\/2019\/12\/Avalia\u00e7\u00e3o-estrutural-de-refor\u00e7o-em-laje-com-fibra-de-carbono.jpg 320w, https:\/\/projetosestruturaissp.com.br\/blog\/wp-content\/uploads\/2019\/12\/Avalia\u00e7\u00e3o-estrutural-de-refor\u00e7o-em-laje-com-fibra-de-carbono-300x225.jpg 300w\" sizes=\"auto, (max-width: 598px) 100vw, 598px\" \/><figcaption id=\"caption-attachment-535\" class=\"wp-caption-text\">Refor\u00e7o em laje com fibra de carbono\u00a0<span style=\"font-size: 16px;\">para execu\u00e7\u00e3o\u00a0<\/span>de furo para passagem de nova rede de esgoto.<\/figcaption><\/figure>\n<p>&nbsp;<\/p>\n<div id=\"icpbravoaccess_loaded\">\u00a0<br \/>\n<figure id=\"attachment_537\" aria-describedby=\"caption-attachment-537\" style=\"width: 467px\" class=\"wp-caption alignnone\"><img loading=\"lazy\" decoding=\"async\" class=\" wp-image-537\" src=\"https:\/\/projetosestruturaissp.com.br\/blog\/wp-content\/uploads\/2019\/12\/Avalia\u00e7\u00e3o-estrutural-de-furos-em-elementos-estruturais.jpg\" alt=\"Avalia\u00e7\u00e3o estrutural de furos em elementos estruturais\" width=\"467\" height=\"351\" \/><figcaption id=\"caption-attachment-537\" class=\"wp-caption-text\">Avalia\u00e7\u00e3o estrutural com procedimento correto para se executar furos em elementos estruturais<\/figcaption><\/figure><\/p>\n<h2 align=\"justify\">Avalia\u00e7\u00e3o Estrutural de Manifesta\u00e7\u00f5es Patol\u00f3gica<\/h2>\n<p align=\"justify\">Quando temos interven\u00e7\u00f5es deste tipo, devemos tomar o cuidado de n\u00e3o causarmos impacto nos elementos estruturais. Pois estes impactos, causam microfissuras no concreto que podem trazer danos ao elemento estrutural. Portanto, \u00e9 necess\u00e1rio que se contrate uma empresa especializada em furos e somente faz\u00ea-lo, ap\u00f3s o refor\u00e7o do elemento com a fibra de carbono.<\/p>\n<p align=\"justify\">Outra an\u00e1lise de tamanha import\u00e2ncia para os edif\u00edcios de concreto armado, s\u00e3o as an\u00e1lises de manifesta\u00e7\u00f5es patol\u00f3gicas. \u00c9 comum encontrarmos pilares com desplacamento do concreto de cobrimento da armadura. Esta manifesta\u00e7\u00e3o patol\u00f3gica acontece devido a exposi\u00e7\u00e3o do elemento a a\u00e7\u00e3o das intemp\u00e9ries. A \u00e1gua penetra na estrutura causando a oxida\u00e7\u00e3o da armadura, que por sua vez, expande. Como o concreto tem baixa resist\u00eancia a tra\u00e7\u00e3o, o concreto se rompe facilitando a entrada de mais umidade na armadura. O concreto tem seu modulo de elasticidade<span style=\"color: #000000;\"><span style=\"font-family: Arial, serif;\"><span style=\"font-size: small;\"> obtido, segundo ensaio descrito na ABNT NBR 8522, sendo considerado <\/span><\/span><\/span>nesta morma, o m\u00f3dulo de deforma\u00e7\u00e3o tangente inicial cordal a 30% <i>f<\/i>c, ou outra tens\u00e3o especificada projeto. Quando n\u00e3o forem feitos ensaios e n\u00e3o existirem dados mais precisos sobre o concreto usado na idade de 28 dias, pode-se estimar o valor do m\u00f3dulo de elasticidade usando express\u00e3o: <i>E<\/i>ci = 5 600 <i>f<\/i>ck1\/2.<\/p>\n<p align=\"justify\">Quando ocorre esta manifesta\u00e7\u00e3o patol\u00f3gica nos pilares, ela deve ser apontada em documento por escrito com sua anamnese estrutural, junto com ART (Anota\u00e7\u00e3o de responsabilidade t\u00e9cnica) e encaminhada ao respons\u00e1vel do Im\u00f3vel para que sejam tomadas as medidas de recupera\u00e7\u00e3o, a fim de impedir o colapso da estrutura.<\/p>\n<\/div>\n<div id=\"icpbravoaccess_loaded\">\n<figure id=\"attachment_539\" aria-describedby=\"caption-attachment-539\" style=\"width: 768px\" class=\"wp-caption alignnone\"><img loading=\"lazy\" decoding=\"async\" class=\"size-large wp-image-539\" src=\"https:\/\/projetosestruturaissp.com.br\/blog\/wp-content\/uploads\/2019\/12\/Avalia\u00e7\u00e3o-estrutural-d-deteriora\u00e7\u00e3o-das-armaduras-e-do-concreto-1-768x1024.jpg\" alt=\"Deteriora\u00e7\u00e3o das armaduras e do concreto\" width=\"768\" height=\"1024\" srcset=\"https:\/\/projetosestruturaissp.com.br\/blog\/wp-content\/uploads\/2019\/12\/Avalia\u00e7\u00e3o-estrutural-d-deteriora\u00e7\u00e3o-das-armaduras-e-do-concreto-1.jpg 768w, https:\/\/projetosestruturaissp.com.br\/blog\/wp-content\/uploads\/2019\/12\/Avalia\u00e7\u00e3o-estrutural-d-deteriora\u00e7\u00e3o-das-armaduras-e-do-concreto-1-225x300.jpg 225w\" sizes=\"auto, (max-width: 768px) 100vw, 768px\" \/><figcaption id=\"caption-attachment-539\" class=\"wp-caption-text\">Pilares com sinais de deteriora\u00e7\u00e3o das armaduras e do concreto<\/figcaption><\/figure><\/p>\n<p>&nbsp;<\/p>\n<\/div>\n<figure id=\"attachment_540\" aria-describedby=\"caption-attachment-540\" style=\"width: 605px\" class=\"wp-caption alignnone\"><img loading=\"lazy\" decoding=\"async\" class=\"size-full wp-image-540\" src=\"https:\/\/projetosestruturaissp.com.br\/blog\/wp-content\/uploads\/2019\/12\/Avalia\u00e7\u00e3o-estrutural-de-deteriora\u00e7\u00e3o-das-armaduras-e-do-concreto-viga.jpg\" alt=\"Vigas com sinais de deteriora\u00e7\u00e3o das armaduras e do concreto.\" width=\"605\" height=\"406\" srcset=\"https:\/\/projetosestruturaissp.com.br\/blog\/wp-content\/uploads\/2019\/12\/Avalia\u00e7\u00e3o-estrutural-de-deteriora\u00e7\u00e3o-das-armaduras-e-do-concreto-viga.jpg 605w, https:\/\/projetosestruturaissp.com.br\/blog\/wp-content\/uploads\/2019\/12\/Avalia\u00e7\u00e3o-estrutural-de-deteriora\u00e7\u00e3o-das-armaduras-e-do-concreto-viga-300x201.jpg 300w\" sizes=\"auto, (max-width: 605px) 100vw, 605px\" \/><figcaption id=\"caption-attachment-540\" class=\"wp-caption-text\">Vigas com sinais de deteriora\u00e7\u00e3o das armaduras e do concreto<\/figcaption><\/figure>\n<p>&nbsp;<\/p>\n<h2>Avalia\u00e7\u00e3o Estrutural\u00a0 de Engenheiro Especialista em Estrutura<\/h2>\n<p align=\"justify\">Para este tipo de avalia\u00e7\u00e3o estrutural o engenheiro especialista em estrutura deve proceder com as seguintes verifica\u00e7\u00f5es:<\/p>\n<ul>\n<li>\n<p align=\"justify\">Ensaio de carbonata\u00e7\u00e3o do concreto;<\/p>\n<\/li>\n<li>\n<p align=\"justify\">Verifica\u00e7\u00e3o de perda de se\u00e7\u00e3o da armadura.<\/p>\n<\/li>\n<\/ul>\n<p align=\"justify\">Com estas informa\u00e7\u00f5es, o engenheiro poder\u00e1 fazer um estudo para a restaura\u00e7\u00e3o do elemento estrutural. Para isso, deve fazer a troca do concreto com problemas e trocar as armaduras que tiveram sua se\u00e7\u00e3o comprometida com a oxida\u00e7\u00e3o.<\/p>\n<p align=\"justify\">Para este procedimento, o engenheiro dever\u00e1 escorar toda estrutura a fim de fazer as escarifica\u00e7\u00f5es dos elementos com seguran\u00e7a.<\/p>\n<p align=\"justify\">Os trabalhos de avalia\u00e7\u00e3o estrutural \u00e9 muito abrangente e deve ser feito por profissional qualificado e especialista em estruturas. Atualmente vemos in\u00fameros colapsos de estruturas, marquises caindo e fazendo v\u00edtimas, tais ocorr\u00eancias poderiam ter sido evitadas.<\/p>\n<p align=\"justify\">\u00c9 comum os respons\u00e1veis por im\u00f3veis n\u00e3o observarem a NBR 5674 e deixam de fazer as manuten\u00e7\u00f5es preventivas e tamb\u00e9m deixam de contratar a m\u00e3o de obra de Engenharia por achar muito caro. Erro grave, pois quando uma ocorr\u00eancia de fatalidade acontece, o preju\u00edzo \u00e9 muito maior.<\/p>\n<p align=\"justify\">N\u00f3s da Almeida Guimar\u00e3es contamos com profissionais qualificados que ir\u00e3o te atender de imediato, trazendo as melhores solu\u00e7\u00f5es para seu neg\u00f3cio.\u00a0<\/p>\n<p align=\"justify\">Almeida Guimar\u00e3es construindo um novo Brasil.<\/p>\n<p align=\"justify\">\u00a0<\/p>\n<p align=\"justify\">Escrito por:<\/p>\n<figure id=\"attachment_541\" aria-describedby=\"caption-attachment-541\" style=\"width: 251px\" class=\"wp-caption alignnone\"><img loading=\"lazy\" decoding=\"async\" class=\" wp-image-541\" src=\"https:\/\/projetosestruturaissp.com.br\/blog\/wp-content\/uploads\/2019\/12\/engenheiro-Sergio-Almeida.jpg\" alt=\"Engenheiro Sergio Almeida\" width=\"251\" height=\"141\" srcset=\"https:\/\/projetosestruturaissp.com.br\/blog\/wp-content\/uploads\/2019\/12\/engenheiro-Sergio-Almeida.jpg 748w, https:\/\/projetosestruturaissp.com.br\/blog\/wp-content\/uploads\/2019\/12\/engenheiro-Sergio-Almeida-300x168.jpg 300w\" sizes=\"auto, (max-width: 251px) 100vw, 251px\" \/><figcaption id=\"caption-attachment-541\" class=\"wp-caption-text\">Engenheiro Sergio Almeida<span style=\"color: #000000;\"><span style=\"font-family: Arial, serif;\"><span style=\"font-size: medium;\">, <span style=\"font-size: 14px;\">graduado em Engenharia Civil pela Universidade Camilo Castelo Branco em Engenharia Civil, <\/span><\/span><\/span><\/span><span style=\"font-size: 14px;\"><span style=\"color: #000000;\"><span style=\"font-family: Arial, serif;\">p\u00f3s-graduado<\/span><\/span><span style=\"color: #000000;\"><span style=\"font-family: Arial, serif;\"> em estruturas de concreto armado e funda\u00e7\u00f5es pela universidade UNIP reconhecido pelo CREA-SP pelo <\/span><\/span><span style=\"color: #000000;\"><span style=\"font-family: Arial, serif;\">n\u00famero<\/span><\/span><span style=\"color: #000000;\"><span style=\"font-family: Arial, serif;\"> 5062560432.<\/span><\/span><\/span><\/figcaption><\/figure>\n<p>&nbsp;<\/p>\n<div id=\"icpbravoaccess_loaded\">\u00a0<\/div>\n<div id=\"icpbravoaccess_loaded\">\u00a0<\/div>\n<div id=\"icpbravoaccess_loaded\">\u00a0<\/div>\n<div id=\"icpbravoaccess_loaded\">\u00a0<\/div>\n<div id=\"icpbravoaccess_loaded\">\u00a0<\/div>\n<div id=\"icpbravoaccess_loaded\">\u00a0<\/div>\n","protected":false},"excerpt":{"rendered":"<p>Avalia\u00e7\u00e3o estrutural consiste na observa\u00e7\u00e3o de projetos e metodologia de c\u00e1lculos adotados para confec\u00e7\u00e3o de uma estrutura. Por\u00e9m, por vezes nos deparamos com estruturas que n\u00e3o possuem projetos t\u00e3o pouco mem\u00f3ria de c\u00e1lculo. Quando isto acontece, o engenheiro especialista em estruturas deve seguir os seguintes&hellip;<\/p>\n","protected":false},"author":1,"featured_media":530,"comment_status":"open","ping_status":"open","sticky":false,"template":"","format":"standard","meta":{"footnotes":""},"categories":[147,12],"tags":[128,127,126,125],"class_list":["post-529","post","type-post","status-publish","format-standard","has-post-thumbnail","hentry","category-avaliacao-estrutural","category-calculo-estrutural","tag-avaliacao-de-engenheiro-de-estrutura","tag-avaliacao-de-engenheiro-estrutural","tag-avaliacao-de-estrutura","tag-avaliacao-estrutural"],"yoast_head":"<!-- This site is optimized with the Yoast SEO plugin v25.2 - https:\/\/yoast.com\/wordpress\/plugins\/seo\/ -->\n<title>Avalia\u00e7\u00e3o Estrutural - Seu Projeto Atendido Por Engenheiros Qualificados<\/title>\n<meta name=\"description\" content=\"Sua avalia\u00e7\u00e3o estrutural com profissionais qualificados que ir\u00e3o te atender de imediato e levar as melhores solu\u00e7\u00f5es para seu projeto.\" \/>\n<meta name=\"robots\" content=\"index, follow, max-snippet:-1, max-image-preview:large, max-video-preview:-1\" \/>\n<link rel=\"canonical\" href=\"https:\/\/projetosestruturaissp.com.br\/blog\/calculo-estrutural\/avaliacao-estrutural\/\" \/>\n<meta property=\"og:locale\" content=\"pt_BR\" \/>\n<meta property=\"og:type\" content=\"article\" \/>\n<meta property=\"og:title\" content=\"Avalia\u00e7\u00e3o Estrutural - Seu Projeto Atendido Por Engenheiros Qualificados\" \/>\n<meta property=\"og:description\" content=\"Sua avalia\u00e7\u00e3o estrutural com profissionais qualificados que ir\u00e3o te atender de imediato e levar as melhores solu\u00e7\u00f5es para seu projeto.\" \/>\n<meta property=\"og:url\" content=\"https:\/\/projetosestruturaissp.com.br\/blog\/calculo-estrutural\/avaliacao-estrutural\/\" \/>\n<meta property=\"og:site_name\" content=\"Almeida Guimar\u00e3es - Blog\" \/>\n<meta property=\"article:published_time\" content=\"2019-12-11T00:01:56+00:00\" \/>\n<meta property=\"article:modified_time\" content=\"2023-03-29T21:05:46+00:00\" \/>\n<meta property=\"og:image\" content=\"https:\/\/projetosestruturaissp.com.br\/blog\/wp-content\/uploads\/2019\/12\/Avalia\u00e7\u00e3o-estrutural-d-deteriora\u00e7\u00e3o-das-armaduras-e-do-concreto.jpg\" \/>\n\t<meta property=\"og:image:width\" content=\"768\" \/>\n\t<meta property=\"og:image:height\" content=\"1024\" \/>\n\t<meta property=\"og:image:type\" content=\"image\/jpeg\" \/>\n<meta name=\"author\" content=\"AdminAlmeida\" \/>\n<meta name=\"twitter:card\" content=\"summary_large_image\" \/>\n<meta name=\"twitter:label1\" content=\"Escrito por\" \/>\n\t<meta name=\"twitter:data1\" content=\"AdminAlmeida\" \/>\n\t<meta name=\"twitter:label2\" content=\"Est. tempo de leitura\" \/>\n\t<meta name=\"twitter:data2\" content=\"6 minutos\" \/>\n<script type=\"application\/ld+json\" class=\"yoast-schema-graph\">{\"@context\":\"https:\/\/schema.org\",\"@graph\":[{\"@type\":\"Article\",\"@id\":\"https:\/\/projetosestruturaissp.com.br\/blog\/calculo-estrutural\/avaliacao-estrutural\/#article\",\"isPartOf\":{\"@id\":\"https:\/\/projetosestruturaissp.com.br\/blog\/calculo-estrutural\/avaliacao-estrutural\/\"},\"author\":{\"name\":\"AdminAlmeida\",\"@id\":\"https:\/\/projetosestruturaissp.com.br\/blog\/#\/schema\/person\/2439ab14fa80ae55da5b9581d0b62947\"},\"headline\":\"Avalia\u00e7\u00e3o Estrutural\",\"datePublished\":\"2019-12-11T00:01:56+00:00\",\"dateModified\":\"2023-03-29T21:05:46+00:00\",\"mainEntityOfPage\":{\"@id\":\"https:\/\/projetosestruturaissp.com.br\/blog\/calculo-estrutural\/avaliacao-estrutural\/\"},\"wordCount\":1164,\"commentCount\":0,\"publisher\":{\"@id\":\"https:\/\/projetosestruturaissp.com.br\/blog\/#organization\"},\"image\":{\"@id\":\"https:\/\/projetosestruturaissp.com.br\/blog\/calculo-estrutural\/avaliacao-estrutural\/#primaryimage\"},\"thumbnailUrl\":\"https:\/\/projetosestruturaissp.com.br\/blog\/wp-content\/uploads\/2019\/12\/Avalia\u00e7\u00e3o-estrutural-d-deteriora\u00e7\u00e3o-das-armaduras-e-do-concreto.jpg\",\"keywords\":[\"avalia\u00e7\u00e3o de engenheiro de estrutura\",\"avalia\u00e7\u00e3o de engenheiro estrutural\",\"avalia\u00e7\u00e3o de estrutura\",\"avalia\u00e7\u00e3o estrutural\"],\"articleSection\":[\"Avalia\u00e7\u00e3o Estrutural\",\"C\u00e1lculo Estrutural\"],\"inLanguage\":\"pt-BR\",\"potentialAction\":[{\"@type\":\"CommentAction\",\"name\":\"Comment\",\"target\":[\"https:\/\/projetosestruturaissp.com.br\/blog\/calculo-estrutural\/avaliacao-estrutural\/#respond\"]}]},{\"@type\":\"WebPage\",\"@id\":\"https:\/\/projetosestruturaissp.com.br\/blog\/calculo-estrutural\/avaliacao-estrutural\/\",\"url\":\"https:\/\/projetosestruturaissp.com.br\/blog\/calculo-estrutural\/avaliacao-estrutural\/\",\"name\":\"Avalia\u00e7\u00e3o Estrutural - Seu Projeto Atendido Por Engenheiros Qualificados\",\"isPartOf\":{\"@id\":\"https:\/\/projetosestruturaissp.com.br\/blog\/#website\"},\"primaryImageOfPage\":{\"@id\":\"https:\/\/projetosestruturaissp.com.br\/blog\/calculo-estrutural\/avaliacao-estrutural\/#primaryimage\"},\"image\":{\"@id\":\"https:\/\/projetosestruturaissp.com.br\/blog\/calculo-estrutural\/avaliacao-estrutural\/#primaryimage\"},\"thumbnailUrl\":\"https:\/\/projetosestruturaissp.com.br\/blog\/wp-content\/uploads\/2019\/12\/Avalia\u00e7\u00e3o-estrutural-d-deteriora\u00e7\u00e3o-das-armaduras-e-do-concreto.jpg\",\"datePublished\":\"2019-12-11T00:01:56+00:00\",\"dateModified\":\"2023-03-29T21:05:46+00:00\",\"description\":\"Sua avalia\u00e7\u00e3o estrutural com profissionais qualificados que ir\u00e3o te atender de imediato e levar as melhores solu\u00e7\u00f5es para seu projeto.\",\"breadcrumb\":{\"@id\":\"https:\/\/projetosestruturaissp.com.br\/blog\/calculo-estrutural\/avaliacao-estrutural\/#breadcrumb\"},\"inLanguage\":\"pt-BR\",\"potentialAction\":[{\"@type\":\"ReadAction\",\"target\":[\"https:\/\/projetosestruturaissp.com.br\/blog\/calculo-estrutural\/avaliacao-estrutural\/\"]}]},{\"@type\":\"ImageObject\",\"inLanguage\":\"pt-BR\",\"@id\":\"https:\/\/projetosestruturaissp.com.br\/blog\/calculo-estrutural\/avaliacao-estrutural\/#primaryimage\",\"url\":\"https:\/\/projetosestruturaissp.com.br\/blog\/wp-content\/uploads\/2019\/12\/Avalia\u00e7\u00e3o-estrutural-d-deteriora\u00e7\u00e3o-das-armaduras-e-do-concreto.jpg\",\"contentUrl\":\"https:\/\/projetosestruturaissp.com.br\/blog\/wp-content\/uploads\/2019\/12\/Avalia\u00e7\u00e3o-estrutural-d-deteriora\u00e7\u00e3o-das-armaduras-e-do-concreto.jpg\",\"width\":768,\"height\":1024,\"caption\":\"Avalia\u00e7\u00e3o estrutural de deteriora\u00e7\u00e3o das armaduras e do concreto\"},{\"@type\":\"BreadcrumbList\",\"@id\":\"https:\/\/projetosestruturaissp.com.br\/blog\/calculo-estrutural\/avaliacao-estrutural\/#breadcrumb\",\"itemListElement\":[{\"@type\":\"ListItem\",\"position\":1,\"name\":\"In\u00edcio\",\"item\":\"https:\/\/projetosestruturaissp.com.br\/blog\/\"},{\"@type\":\"ListItem\",\"position\":2,\"name\":\"Avalia\u00e7\u00e3o Estrutural\"}]},{\"@type\":\"WebSite\",\"@id\":\"https:\/\/projetosestruturaissp.com.br\/blog\/#website\",\"url\":\"https:\/\/projetosestruturaissp.com.br\/blog\/\",\"name\":\"Almeida Guimar\u00e3es - Blog\",\"description\":\"Tudo sobre Engenharia\",\"publisher\":{\"@id\":\"https:\/\/projetosestruturaissp.com.br\/blog\/#organization\"},\"potentialAction\":[{\"@type\":\"SearchAction\",\"target\":{\"@type\":\"EntryPoint\",\"urlTemplate\":\"https:\/\/projetosestruturaissp.com.br\/blog\/?s={search_term_string}\"},\"query-input\":{\"@type\":\"PropertyValueSpecification\",\"valueRequired\":true,\"valueName\":\"search_term_string\"}}],\"inLanguage\":\"pt-BR\"},{\"@type\":\"Organization\",\"@id\":\"https:\/\/projetosestruturaissp.com.br\/blog\/#organization\",\"name\":\"Almeida Guimar\u00e3es\",\"url\":\"https:\/\/projetosestruturaissp.com.br\/blog\/\",\"logo\":{\"@type\":\"ImageObject\",\"inLanguage\":\"pt-BR\",\"@id\":\"https:\/\/projetosestruturaissp.com.br\/blog\/#\/schema\/logo\/image\/\",\"url\":\"https:\/\/projetosestruturaissp.com.br\/blog\/wp-content\/uploads\/2017\/09\/logo.png\",\"contentUrl\":\"https:\/\/projetosestruturaissp.com.br\/blog\/wp-content\/uploads\/2017\/09\/logo.png\",\"width\":148,\"height\":133,\"caption\":\"Almeida Guimar\u00e3es\"},\"image\":{\"@id\":\"https:\/\/projetosestruturaissp.com.br\/blog\/#\/schema\/logo\/image\/\"}},{\"@type\":\"Person\",\"@id\":\"https:\/\/projetosestruturaissp.com.br\/blog\/#\/schema\/person\/2439ab14fa80ae55da5b9581d0b62947\",\"name\":\"AdminAlmeida\",\"image\":{\"@type\":\"ImageObject\",\"inLanguage\":\"pt-BR\",\"@id\":\"https:\/\/projetosestruturaissp.com.br\/blog\/#\/schema\/person\/image\/\",\"url\":\"https:\/\/secure.gravatar.com\/avatar\/ae3513de998c4cafca2c6c0c9bf72ba68f9e5b7864428ebeac48c96eba39b07b?s=96&d=mm&r=g\",\"contentUrl\":\"https:\/\/secure.gravatar.com\/avatar\/ae3513de998c4cafca2c6c0c9bf72ba68f9e5b7864428ebeac48c96eba39b07b?s=96&d=mm&r=g\",\"caption\":\"AdminAlmeida\"},\"url\":\"https:\/\/projetosestruturaissp.com.br\/blog\/author\/adminalmeida\/\"}]}<\/script>\n<!-- \/ Yoast SEO plugin. -->","yoast_head_json":{"title":"Avalia\u00e7\u00e3o Estrutural - Seu Projeto Atendido Por Engenheiros Qualificados","description":"Sua avalia\u00e7\u00e3o estrutural com profissionais qualificados que ir\u00e3o te atender de imediato e levar as melhores solu\u00e7\u00f5es para seu projeto.","robots":{"index":"index","follow":"follow","max-snippet":"max-snippet:-1","max-image-preview":"max-image-preview:large","max-video-preview":"max-video-preview:-1"},"canonical":"https:\/\/projetosestruturaissp.com.br\/blog\/calculo-estrutural\/avaliacao-estrutural\/","og_locale":"pt_BR","og_type":"article","og_title":"Avalia\u00e7\u00e3o Estrutural - Seu Projeto Atendido Por Engenheiros Qualificados","og_description":"Sua avalia\u00e7\u00e3o estrutural com profissionais qualificados que ir\u00e3o te atender de imediato e levar as melhores solu\u00e7\u00f5es para seu projeto.","og_url":"https:\/\/projetosestruturaissp.com.br\/blog\/calculo-estrutural\/avaliacao-estrutural\/","og_site_name":"Almeida Guimar\u00e3es - Blog","article_published_time":"2019-12-11T00:01:56+00:00","article_modified_time":"2023-03-29T21:05:46+00:00","og_image":[{"width":768,"height":1024,"url":"https:\/\/projetosestruturaissp.com.br\/blog\/wp-content\/uploads\/2019\/12\/Avalia\u00e7\u00e3o-estrutural-d-deteriora\u00e7\u00e3o-das-armaduras-e-do-concreto.jpg","type":"image\/jpeg"}],"author":"AdminAlmeida","twitter_card":"summary_large_image","twitter_misc":{"Escrito por":"AdminAlmeida","Est. tempo de leitura":"6 minutos"},"schema":{"@context":"https:\/\/schema.org","@graph":[{"@type":"Article","@id":"https:\/\/projetosestruturaissp.com.br\/blog\/calculo-estrutural\/avaliacao-estrutural\/#article","isPartOf":{"@id":"https:\/\/projetosestruturaissp.com.br\/blog\/calculo-estrutural\/avaliacao-estrutural\/"},"author":{"name":"AdminAlmeida","@id":"https:\/\/projetosestruturaissp.com.br\/blog\/#\/schema\/person\/2439ab14fa80ae55da5b9581d0b62947"},"headline":"Avalia\u00e7\u00e3o Estrutural","datePublished":"2019-12-11T00:01:56+00:00","dateModified":"2023-03-29T21:05:46+00:00","mainEntityOfPage":{"@id":"https:\/\/projetosestruturaissp.com.br\/blog\/calculo-estrutural\/avaliacao-estrutural\/"},"wordCount":1164,"commentCount":0,"publisher":{"@id":"https:\/\/projetosestruturaissp.com.br\/blog\/#organization"},"image":{"@id":"https:\/\/projetosestruturaissp.com.br\/blog\/calculo-estrutural\/avaliacao-estrutural\/#primaryimage"},"thumbnailUrl":"https:\/\/projetosestruturaissp.com.br\/blog\/wp-content\/uploads\/2019\/12\/Avalia\u00e7\u00e3o-estrutural-d-deteriora\u00e7\u00e3o-das-armaduras-e-do-concreto.jpg","keywords":["avalia\u00e7\u00e3o de engenheiro de estrutura","avalia\u00e7\u00e3o de engenheiro estrutural","avalia\u00e7\u00e3o de estrutura","avalia\u00e7\u00e3o estrutural"],"articleSection":["Avalia\u00e7\u00e3o Estrutural","C\u00e1lculo Estrutural"],"inLanguage":"pt-BR","potentialAction":[{"@type":"CommentAction","name":"Comment","target":["https:\/\/projetosestruturaissp.com.br\/blog\/calculo-estrutural\/avaliacao-estrutural\/#respond"]}]},{"@type":"WebPage","@id":"https:\/\/projetosestruturaissp.com.br\/blog\/calculo-estrutural\/avaliacao-estrutural\/","url":"https:\/\/projetosestruturaissp.com.br\/blog\/calculo-estrutural\/avaliacao-estrutural\/","name":"Avalia\u00e7\u00e3o Estrutural - Seu Projeto Atendido Por Engenheiros Qualificados","isPartOf":{"@id":"https:\/\/projetosestruturaissp.com.br\/blog\/#website"},"primaryImageOfPage":{"@id":"https:\/\/projetosestruturaissp.com.br\/blog\/calculo-estrutural\/avaliacao-estrutural\/#primaryimage"},"image":{"@id":"https:\/\/projetosestruturaissp.com.br\/blog\/calculo-estrutural\/avaliacao-estrutural\/#primaryimage"},"thumbnailUrl":"https:\/\/projetosestruturaissp.com.br\/blog\/wp-content\/uploads\/2019\/12\/Avalia\u00e7\u00e3o-estrutural-d-deteriora\u00e7\u00e3o-das-armaduras-e-do-concreto.jpg","datePublished":"2019-12-11T00:01:56+00:00","dateModified":"2023-03-29T21:05:46+00:00","description":"Sua avalia\u00e7\u00e3o estrutural com profissionais qualificados que ir\u00e3o te atender de imediato e levar as melhores solu\u00e7\u00f5es para seu projeto.","breadcrumb":{"@id":"https:\/\/projetosestruturaissp.com.br\/blog\/calculo-estrutural\/avaliacao-estrutural\/#breadcrumb"},"inLanguage":"pt-BR","potentialAction":[{"@type":"ReadAction","target":["https:\/\/projetosestruturaissp.com.br\/blog\/calculo-estrutural\/avaliacao-estrutural\/"]}]},{"@type":"ImageObject","inLanguage":"pt-BR","@id":"https:\/\/projetosestruturaissp.com.br\/blog\/calculo-estrutural\/avaliacao-estrutural\/#primaryimage","url":"https:\/\/projetosestruturaissp.com.br\/blog\/wp-content\/uploads\/2019\/12\/Avalia\u00e7\u00e3o-estrutural-d-deteriora\u00e7\u00e3o-das-armaduras-e-do-concreto.jpg","contentUrl":"https:\/\/projetosestruturaissp.com.br\/blog\/wp-content\/uploads\/2019\/12\/Avalia\u00e7\u00e3o-estrutural-d-deteriora\u00e7\u00e3o-das-armaduras-e-do-concreto.jpg","width":768,"height":1024,"caption":"Avalia\u00e7\u00e3o estrutural de deteriora\u00e7\u00e3o das armaduras e do concreto"},{"@type":"BreadcrumbList","@id":"https:\/\/projetosestruturaissp.com.br\/blog\/calculo-estrutural\/avaliacao-estrutural\/#breadcrumb","itemListElement":[{"@type":"ListItem","position":1,"name":"In\u00edcio","item":"https:\/\/projetosestruturaissp.com.br\/blog\/"},{"@type":"ListItem","position":2,"name":"Avalia\u00e7\u00e3o Estrutural"}]},{"@type":"WebSite","@id":"https:\/\/projetosestruturaissp.com.br\/blog\/#website","url":"https:\/\/projetosestruturaissp.com.br\/blog\/","name":"Almeida Guimar\u00e3es - Blog","description":"Tudo sobre Engenharia","publisher":{"@id":"https:\/\/projetosestruturaissp.com.br\/blog\/#organization"},"potentialAction":[{"@type":"SearchAction","target":{"@type":"EntryPoint","urlTemplate":"https:\/\/projetosestruturaissp.com.br\/blog\/?s={search_term_string}"},"query-input":{"@type":"PropertyValueSpecification","valueRequired":true,"valueName":"search_term_string"}}],"inLanguage":"pt-BR"},{"@type":"Organization","@id":"https:\/\/projetosestruturaissp.com.br\/blog\/#organization","name":"Almeida Guimar\u00e3es","url":"https:\/\/projetosestruturaissp.com.br\/blog\/","logo":{"@type":"ImageObject","inLanguage":"pt-BR","@id":"https:\/\/projetosestruturaissp.com.br\/blog\/#\/schema\/logo\/image\/","url":"https:\/\/projetosestruturaissp.com.br\/blog\/wp-content\/uploads\/2017\/09\/logo.png","contentUrl":"https:\/\/projetosestruturaissp.com.br\/blog\/wp-content\/uploads\/2017\/09\/logo.png","width":148,"height":133,"caption":"Almeida Guimar\u00e3es"},"image":{"@id":"https:\/\/projetosestruturaissp.com.br\/blog\/#\/schema\/logo\/image\/"}},{"@type":"Person","@id":"https:\/\/projetosestruturaissp.com.br\/blog\/#\/schema\/person\/2439ab14fa80ae55da5b9581d0b62947","name":"AdminAlmeida","image":{"@type":"ImageObject","inLanguage":"pt-BR","@id":"https:\/\/projetosestruturaissp.com.br\/blog\/#\/schema\/person\/image\/","url":"https:\/\/secure.gravatar.com\/avatar\/ae3513de998c4cafca2c6c0c9bf72ba68f9e5b7864428ebeac48c96eba39b07b?s=96&d=mm&r=g","contentUrl":"https:\/\/secure.gravatar.com\/avatar\/ae3513de998c4cafca2c6c0c9bf72ba68f9e5b7864428ebeac48c96eba39b07b?s=96&d=mm&r=g","caption":"AdminAlmeida"},"url":"https:\/\/projetosestruturaissp.com.br\/blog\/author\/adminalmeida\/"}]}},"_links":{"self":[{"href":"https:\/\/projetosestruturaissp.com.br\/blog\/wp-json\/wp\/v2\/posts\/529","targetHints":{"allow":["GET"]}}],"collection":[{"href":"https:\/\/projetosestruturaissp.com.br\/blog\/wp-json\/wp\/v2\/posts"}],"about":[{"href":"https:\/\/projetosestruturaissp.com.br\/blog\/wp-json\/wp\/v2\/types\/post"}],"author":[{"embeddable":true,"href":"https:\/\/projetosestruturaissp.com.br\/blog\/wp-json\/wp\/v2\/users\/1"}],"replies":[{"embeddable":true,"href":"https:\/\/projetosestruturaissp.com.br\/blog\/wp-json\/wp\/v2\/comments?post=529"}],"version-history":[{"count":1,"href":"https:\/\/projetosestruturaissp.com.br\/blog\/wp-json\/wp\/v2\/posts\/529\/revisions"}],"predecessor-version":[{"id":716,"href":"https:\/\/projetosestruturaissp.com.br\/blog\/wp-json\/wp\/v2\/posts\/529\/revisions\/716"}],"wp:featuredmedia":[{"embeddable":true,"href":"https:\/\/projetosestruturaissp.com.br\/blog\/wp-json\/wp\/v2\/media\/530"}],"wp:attachment":[{"href":"https:\/\/projetosestruturaissp.com.br\/blog\/wp-json\/wp\/v2\/media?parent=529"}],"wp:term":[{"taxonomy":"category","embeddable":true,"href":"https:\/\/projetosestruturaissp.com.br\/blog\/wp-json\/wp\/v2\/categories?post=529"},{"taxonomy":"post_tag","embeddable":true,"href":"https:\/\/projetosestruturaissp.com.br\/blog\/wp-json\/wp\/v2\/tags?post=529"}],"curies":[{"name":"wp","href":"https:\/\/api.w.org\/{rel}","templated":true}]}}