{"id":578,"date":"2020-03-26T19:01:28","date_gmt":"2020-03-26T22:01:28","guid":{"rendered":"https:\/\/projetosestruturaissp.com.br\/blog\/?p=578"},"modified":"2020-03-26T19:27:23","modified_gmt":"2020-03-26T22:27:23","slug":"laudo-de-patologia-estrutural","status":"publish","type":"post","link":"https:\/\/projetosestruturaissp.com.br\/blog\/calculo-estrutural\/laudo-de-patologia-estrutural\/","title":{"rendered":"Laudo de Patologia Estrutural"},"content":{"rendered":"<h2>Laudo de Patologia Estrutural C\u00e2mara dos Deputados de Jundia\u00ed<\/h2>\n<p>O <strong>laudo de patologia estrutural<\/strong> que realizado na C\u00e2mara dos Deputados de Jundia\u00ed, teve \u00eanfase em garantir o bom funcionamento estrutural do edif\u00edcio.<\/p>\n<p class=\"western\" align=\"justify\">Atualmente, as autoridades p\u00fablicas das cidades, vem se preocupando com seus edif\u00edcios p\u00fablicos, no que tange a sua estabilidade e bom funcionamento. Essa atitude \u00e9 excepcional, pois a avalia\u00e7\u00e3o fica menos onerosa do que deixar essas estruturas se deteriorarem. Ao contr\u00e1rio, o custo depois fica muito maior, j\u00e1 que partimos para o pressuposto, que deste ponto em diante, o edif\u00edcio precisa passar por refor\u00e7o estrutural.<\/p>\n<p class=\"western\" align=\"justify\">Ap\u00f3s nossas avalia\u00e7\u00f5es no Edif\u00edcio, encontramos manifesta\u00e7\u00f5es patol\u00f3gicas comuns ao tempo de utiliza\u00e7\u00e3o e a movimenta\u00e7\u00e3o mec\u00e2nica da estrutura. Sendo assim, o edif\u00edcio vai passar apenas por uma restaura\u00e7\u00e3o.<\/p>\n<p class=\"western\" align=\"justify\">\u00a0<\/p>\n<h3 class=\"western\" align=\"justify\">Verifica\u00e7\u00e3o da abertura de fissura na estrutura<\/h3>\n<ul>\n<li class=\"western\">\u00a0O primeiro passo \u00e9 a verifica\u00e7\u00e3o visual. Levantamos nesta primeira etapa as fissuras aparentes, criando um mapeamento das fissuras no que tange seu comprimento e abertura.<\/li>\n<\/ul>\n<p class=\"western\" align=\"justify\">\u00a0<\/p>\n<figure id=\"attachment_580\" aria-describedby=\"caption-attachment-580\" style=\"width: 154px\" class=\"wp-caption alignnone\"><img loading=\"lazy\" decoding=\"async\" class=\"size-full wp-image-580\" src=\"https:\/\/projetosestruturaissp.com.br\/blog\/wp-content\/uploads\/2020\/03\/Laudo-estrutura.jpg\" alt=\"Laudo de estrutura\" width=\"154\" height=\"102\" \/><figcaption id=\"caption-attachment-580\" class=\"wp-caption-text\">Laudo de patologia Estrutural &#8211; fissura<\/figcaption><\/figure>\n<p class=\"western\" align=\"justify\">\u00a0\u00a0<\/p>\n<ul>\n<li class=\"western\">No segundo passo, fazemos o monitoramento destas fissuras. \u00c9 feita a medi\u00e7\u00e3o da abertura, comprimento e tamb\u00e9m o espa\u00e7amento entre as fissuras. Neste momento j\u00e1 comparamos as aberturas com a tabela 13.3 da NBR 6118. a fim de verificar se as elas s\u00e3o maiores que 0,3 mm e nos casos de fissuras maiores que 0,2 mm, aconselhamos a inje\u00e7\u00e3o de ep\u00f3xi.<\/li>\n<\/ul>\n<p>&nbsp;<\/p>\n<h3>\u00a0Estudo da deforma\u00e7\u00e3o da viga<\/h3>\n<ul>\n<li class=\"western\">No terceiro passo fazemos \u00e9 o estudo da deforma\u00e7\u00e3o da viga em servi\u00e7o. Com um n\u00edvel laser, pegamos as medidas no meio do v\u00e3o em rela\u00e7\u00e3o aos apoios. Dessa forma, levanta-se a deforma\u00e7\u00e3o em ELS (Estado Limite de Servi\u00e7o), j\u00e1 que o im\u00f3vel se encontra em funcionamento. Depois, comparamos esta deforma\u00e7\u00e3o com a tabela 13.2 da NBR 6118.<\/li>\n<\/ul>\n<p class=\"western\" align=\"justify\">Esta verifica\u00e7\u00e3o se faz necess\u00e1ria, pois o limite de deslocamento n\u00e3o pode exceder o que a norma exige.<\/p>\n<p><img loading=\"lazy\" decoding=\"async\" class=\"wp-image-581 alignleft\" src=\"https:\/\/projetosestruturaissp.com.br\/blog\/wp-content\/uploads\/2020\/03\/Medi\u00e7\u00e3o-deforma\u00e7\u00e3o-viga-576x1024.jpg\" alt=\"Laudo de patologia estrutural Medi\u00e7\u00e3o deforma\u00e7\u00e3o viga\" width=\"207\" height=\"368\" srcset=\"https:\/\/projetosestruturaissp.com.br\/blog\/wp-content\/uploads\/2020\/03\/Medi\u00e7\u00e3o-deforma\u00e7\u00e3o-viga-576x1024.jpg 576w, https:\/\/projetosestruturaissp.com.br\/blog\/wp-content\/uploads\/2020\/03\/Medi\u00e7\u00e3o-deforma\u00e7\u00e3o-viga-169x300.jpg 169w, https:\/\/projetosestruturaissp.com.br\/blog\/wp-content\/uploads\/2020\/03\/Medi\u00e7\u00e3o-deforma\u00e7\u00e3o-viga.jpg 581w\" sizes=\"auto, (max-width: 207px) 100vw, 207px\" \/><\/p>\n<p>&nbsp;<\/p>\n<p>&nbsp;<\/p>\n<p><img loading=\"lazy\" decoding=\"async\" class=\"wp-image-582 alignleft\" src=\"https:\/\/projetosestruturaissp.com.br\/blog\/wp-content\/uploads\/2020\/03\/laudo-engenheiro-estrutural.jpg\" alt=\"laudo engenheiro estrutural\" width=\"203\" height=\"362\" srcset=\"https:\/\/projetosestruturaissp.com.br\/blog\/wp-content\/uploads\/2020\/03\/laudo-engenheiro-estrutural.jpg 292w, https:\/\/projetosestruturaissp.com.br\/blog\/wp-content\/uploads\/2020\/03\/laudo-engenheiro-estrutural-168x300.jpg 168w\" sizes=\"auto, (max-width: 203px) 100vw, 203px\" \/><\/p>\n<p>&nbsp;<\/p>\n<h3 class=\"western\" align=\"justify\">\u00a0<\/h3>\n<h3 class=\"western\" align=\"justify\">\u00a0<\/h3>\n<h3 class=\"western\" align=\"justify\"><img loading=\"lazy\" decoding=\"async\" class=\"wp-image-583 alignnone\" src=\"https:\/\/projetosestruturaissp.com.br\/blog\/wp-content\/uploads\/2020\/03\/laudo-patologia-estrutural-1024x576.jpg\" alt=\"laudo patologia estrutural\" width=\"435\" height=\"245\" srcset=\"https:\/\/projetosestruturaissp.com.br\/blog\/wp-content\/uploads\/2020\/03\/laudo-patologia-estrutural-1024x576.jpg 1024w, https:\/\/projetosestruturaissp.com.br\/blog\/wp-content\/uploads\/2020\/03\/laudo-patologia-estrutural-300x169.jpg 300w, https:\/\/projetosestruturaissp.com.br\/blog\/wp-content\/uploads\/2020\/03\/laudo-patologia-estrutural-768x432.jpg 768w, https:\/\/projetosestruturaissp.com.br\/blog\/wp-content\/uploads\/2020\/03\/laudo-patologia-estrutural.jpg 1032w\" sizes=\"auto, (max-width: 435px) 100vw, 435px\" \/><\/h3>\n<h3 class=\"western\" align=\"justify\">\u00a0<\/h3>\n<h3 class=\"western\" align=\"justify\">\u00a0<\/h3>\n<h3 class=\"western\" align=\"justify\">Teste de percuss\u00e3o nas vigas e pilares<\/h3>\n<ul>\n<li class=\"western\">No quarto passo, fazemos o teste de percuss\u00e3o nas vigas e pilares tanto do lado interno quanto do externo. Este teste, visa verificar pontos cavos nos elementos de concreto e sempre que \u00e9 detectado sons cavos, o profissional precisa fazer uma janela. A fim de, verificar se a armadura do elemento estrutural j\u00e1 entrou em estado de oxida\u00e7\u00e3o. Neste mesmo momento, tamb\u00e9m \u00e9 aplicado uma solu\u00e7\u00e3o de Fenolftale\u00edna. Desta forma, podemos medir a profundidade de carbonata\u00e7\u00e3o do concreto.<\/li>\n<\/ul>\n<p class=\"western\" align=\"justify\"><img loading=\"lazy\" decoding=\"async\" class=\"alignnone wp-image-585 size-full\" src=\"https:\/\/projetosestruturaissp.com.br\/blog\/wp-content\/uploads\/2020\/03\/teste-estrutura-concreto.jpg\" alt=\"Laudo de patologia estrutural teste estrutura concreto\" width=\"512\" height=\"246\" srcset=\"https:\/\/projetosestruturaissp.com.br\/blog\/wp-content\/uploads\/2020\/03\/teste-estrutura-concreto.jpg 512w, https:\/\/projetosestruturaissp.com.br\/blog\/wp-content\/uploads\/2020\/03\/teste-estrutura-concreto-300x144.jpg 300w\" sizes=\"auto, (max-width: 512px) 100vw, 512px\" \/><\/p>\n<p class=\"western\" align=\"justify\"><em>Laudo de patologia estrutural &#8211; testemunho de concreto submetido ao ensaio.<\/em><\/p>\n<p class=\"western\" align=\"justify\">\u00a0<\/p>\n<p class=\"western\" align=\"justify\">Caso detectamos que a cobertura do concreto j\u00e1 esteja carbonatado, \u00e9 sugerido no laudo, que seja trocado toda a capa de cobrimento das armaduras. Pois o concreto nestas condi\u00e7\u00f5es, favorece a entrada de elementos nocivos a armadura, que ao longo do tempo, se deteriora e despassiva a armadura.<\/p>\n<p class=\"western\" align=\"justify\">Ap\u00f3s despassivar, o processo de corros\u00e3o ser\u00e1 iniciado, se ao mesmo tempo houver umidade (eletr\u00f3lito), diferen\u00e7a de potencial (exemplo: diferen\u00e7a de aera\u00e7\u00e3o ou tens\u00f5es entre dois pontos da barra ou do concreto), agentes agressivos (exemplo: CO2\u00a0ou fuligem) e oxig\u00eanio ao redor da\u00a0armadura.<\/p>\n<p class=\"western\" align=\"justify\">\u00a0<\/p>\n<p class=\"western\" align=\"justify\">\u00a0<\/p>\n<p class=\"western\" align=\"justify\"><img loading=\"lazy\" decoding=\"async\" class=\"alignnone wp-image-586 size-full\" src=\"https:\/\/projetosestruturaissp.com.br\/blog\/wp-content\/uploads\/2020\/03\/teste-de-percuss\u00e3o.jpg\" alt=\"Laudo de patologia estrutural teste de percuss\u00e3o fachada\" width=\"489\" height=\"367\" srcset=\"https:\/\/projetosestruturaissp.com.br\/blog\/wp-content\/uploads\/2020\/03\/teste-de-percuss\u00e3o.jpg 489w, https:\/\/projetosestruturaissp.com.br\/blog\/wp-content\/uploads\/2020\/03\/teste-de-percuss\u00e3o-300x225.jpg 300w\" sizes=\"auto, (max-width: 489px) 100vw, 489px\" \/><\/p>\n<p class=\"western\" align=\"justify\"><em>Laudo de patologia estrutural &#8211; teste de percuss\u00e3o<\/em><\/p>\n<p class=\"western\" align=\"justify\">\u00a0<\/p>\n<p class=\"western\" align=\"justify\">\u00a0<\/p>\n<p><iframe loading=\"lazy\" src=\"https:\/\/www.youtube.com\/embed\/PhjrJdjxbco\" width=\"560\" height=\"315\" frameborder=\"0\" allowfullscreen=\"allowfullscreen\"><\/iframe><\/p>\n<p>&nbsp;<\/p>\n<p class=\"western\" align=\"left\">Parabenizamos a C\u00e2mara dos Deputados de Jundia\u00ed pela iniciativa e preocupa\u00e7\u00e3o com suas estruturas. Que esta atitude possa influenciar outras entidades governamentais e at\u00e9 mesmo, entidades privadas, da necessidade de avalia\u00e7\u00f5es peri\u00f3dicas de suas estruturas. E assim, garantir sua estabilidade e bom funcionamento.<\/p>\n<p class=\"western\" align=\"left\">N\u00f3s da Almeida Guimar\u00e3es estamos a disposi\u00e7\u00e3o para planejar, orientar e executar estes trabalhos de avalia\u00e7\u00e3o de estruturas.<\/p>\n<p class=\"western\" align=\"left\">\u00a0<\/p>\n<p class=\"western\" align=\"left\">Veja tamb\u00e9m o nosso trabalho de\u00a0<a href=\"https:\/\/projetosestruturaissp.com.br\/blog\/sem-categoria\/avaliacao-estrutural-de-pilares-vigas-e-lajes-de-edificio\/\">AVALIA\u00c7\u00c3O ESTRUTURAL DE PILARES, VIGAS E LAJES DE EDIF\u00cdCIO \u00c9 MAIS BARATO<\/a><\/p>\n<p class=\"western\" align=\"left\">\u00a0<\/p>\n<p class=\"western\" align=\"left\"><em><strong>Almeida Guimar\u00e3es Projetando um novo Brasil.<\/strong><\/em><\/p>\n<div id=\"icpbravoaccess_loaded\">\u00a0<\/div>\n<div id=\"icpbravoaccess_loaded\">\u00a0<\/div>\n<div id=\"style-wpsecol-e219f11a-ead8-456e-dc0f-92ca27410c77\">\n<style><!--\n@media (max-width: 768px) {\n    #wpsecol-e219f11a-ead8-456e-dc0f-92ca27410c77 .csColumn {\n        display: block;\n        width: 100% !important;\n    }\n    #wpsecol-e219f11a-ead8-456e-dc0f-92ca27410c77 .csColumnGap {\n        display: none;\n    }\n}\n--><\/style>\n<\/div>\n<div id=\"icpbravoaccess_loaded\">\u00a0<\/div>\n<div id=\"icpbravoaccess_loaded\">\u00a0<\/div>\n<div id=\"icpbravoaccess_loaded\">\u00a0<\/div>\n<div id=\"icpbravoaccess_loaded\">\u00a0<\/div>\n<div id=\"icpbravoaccess_loaded\">\u00a0<\/div>\n<div id=\"icpbravoaccess_loaded\">\u00a0<\/div>\n<div id=\"icpbravoaccess_loaded\">\u00a0<\/div>\n<div id=\"icpbravoaccess_loaded\">\u00a0<\/div>\n<div id=\"icpbravoaccess_loaded\">\u00a0<\/div>\n<div id=\"icpbravoaccess_loaded\">\u00a0<\/div>\n<div id=\"icpbravoaccess_loaded\">\u00a0<\/div>\n<div id=\"icpbravoaccess_loaded\">\u00a0<\/div>\n","protected":false},"excerpt":{"rendered":"<p>Laudo de Patologia Estrutural C\u00e2mara dos Deputados de Jundia\u00ed O laudo de patologia estrutural que realizado na C\u00e2mara dos Deputados de Jundia\u00ed, teve \u00eanfase em garantir o bom funcionamento estrutural do edif\u00edcio. Atualmente, as autoridades p\u00fablicas das cidades, vem se preocupando com seus edif\u00edcios p\u00fablicos,&hellip;<\/p>\n","protected":false},"author":1,"featured_media":606,"comment_status":"open","ping_status":"open","sticky":false,"template":"","format":"standard","meta":{"footnotes":""},"categories":[12],"tags":[],"class_list":["post-578","post","type-post","status-publish","format-standard","has-post-thumbnail","hentry","category-calculo-estrutural"],"yoast_head":"<!-- This site is optimized with the Yoast SEO plugin v25.2 - https:\/\/yoast.com\/wordpress\/plugins\/seo\/ -->\n<title>Laudo de Patologia Estrutural em Edif\u00edcios - Engenharia<\/title>\n<meta name=\"description\" content=\"O laudo de patologia estrutural se faz necess\u00e1rio para garantir o bom funcionamento estrutural do edif\u00edcio e reduzir custos maiores com essa preven\u00e7\u00e3o.\" \/>\n<meta name=\"robots\" content=\"index, follow, max-snippet:-1, max-image-preview:large, max-video-preview:-1\" \/>\n<link rel=\"canonical\" href=\"https:\/\/projetosestruturaissp.com.br\/blog\/calculo-estrutural\/laudo-de-patologia-estrutural\/\" \/>\n<meta property=\"og:locale\" content=\"pt_BR\" \/>\n<meta property=\"og:type\" content=\"article\" \/>\n<meta property=\"og:title\" content=\"Laudo de Patologia Estrutural em Edif\u00edcios - Engenharia\" \/>\n<meta property=\"og:description\" content=\"O laudo de patologia estrutural se faz necess\u00e1rio para garantir o bom funcionamento estrutural do edif\u00edcio e reduzir custos maiores com essa preven\u00e7\u00e3o.\" \/>\n<meta property=\"og:url\" content=\"https:\/\/projetosestruturaissp.com.br\/blog\/calculo-estrutural\/laudo-de-patologia-estrutural\/\" \/>\n<meta property=\"og:site_name\" content=\"Almeida Guimar\u00e3es - Blog\" \/>\n<meta property=\"article:published_time\" content=\"2020-03-26T22:01:28+00:00\" \/>\n<meta property=\"article:modified_time\" content=\"2020-03-26T22:27:23+00:00\" \/>\n<meta property=\"og:image\" content=\"https:\/\/projetosestruturaissp.com.br\/blog\/wp-content\/uploads\/2020\/03\/Laudo-de-Patologia-Estrutural.jpg\" \/>\n\t<meta property=\"og:image:width\" content=\"1080\" \/>\n\t<meta property=\"og:image:height\" content=\"892\" \/>\n\t<meta property=\"og:image:type\" content=\"image\/jpeg\" \/>\n<meta name=\"author\" content=\"AdminAlmeida\" \/>\n<meta name=\"twitter:card\" content=\"summary_large_image\" \/>\n<meta name=\"twitter:label1\" content=\"Escrito por\" \/>\n\t<meta name=\"twitter:data1\" content=\"AdminAlmeida\" \/>\n\t<meta name=\"twitter:label2\" content=\"Est. tempo de leitura\" \/>\n\t<meta name=\"twitter:data2\" content=\"3 minutos\" \/>\n<script type=\"application\/ld+json\" class=\"yoast-schema-graph\">{\"@context\":\"https:\/\/schema.org\",\"@graph\":[{\"@type\":\"Article\",\"@id\":\"https:\/\/projetosestruturaissp.com.br\/blog\/calculo-estrutural\/laudo-de-patologia-estrutural\/#article\",\"isPartOf\":{\"@id\":\"https:\/\/projetosestruturaissp.com.br\/blog\/calculo-estrutural\/laudo-de-patologia-estrutural\/\"},\"author\":{\"name\":\"AdminAlmeida\",\"@id\":\"https:\/\/projetosestruturaissp.com.br\/blog\/#\/schema\/person\/2439ab14fa80ae55da5b9581d0b62947\"},\"headline\":\"Laudo de Patologia Estrutural\",\"datePublished\":\"2020-03-26T22:01:28+00:00\",\"dateModified\":\"2020-03-26T22:27:23+00:00\",\"mainEntityOfPage\":{\"@id\":\"https:\/\/projetosestruturaissp.com.br\/blog\/calculo-estrutural\/laudo-de-patologia-estrutural\/\"},\"wordCount\":660,\"commentCount\":0,\"publisher\":{\"@id\":\"https:\/\/projetosestruturaissp.com.br\/blog\/#organization\"},\"image\":{\"@id\":\"https:\/\/projetosestruturaissp.com.br\/blog\/calculo-estrutural\/laudo-de-patologia-estrutural\/#primaryimage\"},\"thumbnailUrl\":\"https:\/\/projetosestruturaissp.com.br\/blog\/wp-content\/uploads\/2020\/03\/Laudo-de-Patologia-Estrutural.jpg\",\"articleSection\":[\"C\u00e1lculo Estrutural\"],\"inLanguage\":\"pt-BR\",\"potentialAction\":[{\"@type\":\"CommentAction\",\"name\":\"Comment\",\"target\":[\"https:\/\/projetosestruturaissp.com.br\/blog\/calculo-estrutural\/laudo-de-patologia-estrutural\/#respond\"]}]},{\"@type\":\"WebPage\",\"@id\":\"https:\/\/projetosestruturaissp.com.br\/blog\/calculo-estrutural\/laudo-de-patologia-estrutural\/\",\"url\":\"https:\/\/projetosestruturaissp.com.br\/blog\/calculo-estrutural\/laudo-de-patologia-estrutural\/\",\"name\":\"Laudo de Patologia Estrutural em Edif\u00edcios - Engenharia\",\"isPartOf\":{\"@id\":\"https:\/\/projetosestruturaissp.com.br\/blog\/#website\"},\"primaryImageOfPage\":{\"@id\":\"https:\/\/projetosestruturaissp.com.br\/blog\/calculo-estrutural\/laudo-de-patologia-estrutural\/#primaryimage\"},\"image\":{\"@id\":\"https:\/\/projetosestruturaissp.com.br\/blog\/calculo-estrutural\/laudo-de-patologia-estrutural\/#primaryimage\"},\"thumbnailUrl\":\"https:\/\/projetosestruturaissp.com.br\/blog\/wp-content\/uploads\/2020\/03\/Laudo-de-Patologia-Estrutural.jpg\",\"datePublished\":\"2020-03-26T22:01:28+00:00\",\"dateModified\":\"2020-03-26T22:27:23+00:00\",\"description\":\"O laudo de patologia estrutural se faz necess\u00e1rio para garantir o bom funcionamento estrutural do edif\u00edcio e reduzir custos maiores com essa preven\u00e7\u00e3o.\",\"breadcrumb\":{\"@id\":\"https:\/\/projetosestruturaissp.com.br\/blog\/calculo-estrutural\/laudo-de-patologia-estrutural\/#breadcrumb\"},\"inLanguage\":\"pt-BR\",\"potentialAction\":[{\"@type\":\"ReadAction\",\"target\":[\"https:\/\/projetosestruturaissp.com.br\/blog\/calculo-estrutural\/laudo-de-patologia-estrutural\/\"]}]},{\"@type\":\"ImageObject\",\"inLanguage\":\"pt-BR\",\"@id\":\"https:\/\/projetosestruturaissp.com.br\/blog\/calculo-estrutural\/laudo-de-patologia-estrutural\/#primaryimage\",\"url\":\"https:\/\/projetosestruturaissp.com.br\/blog\/wp-content\/uploads\/2020\/03\/Laudo-de-Patologia-Estrutural.jpg\",\"contentUrl\":\"https:\/\/projetosestruturaissp.com.br\/blog\/wp-content\/uploads\/2020\/03\/Laudo-de-Patologia-Estrutural.jpg\",\"width\":1080,\"height\":892,\"caption\":\"Laudo de Patologia Estrutural\"},{\"@type\":\"BreadcrumbList\",\"@id\":\"https:\/\/projetosestruturaissp.com.br\/blog\/calculo-estrutural\/laudo-de-patologia-estrutural\/#breadcrumb\",\"itemListElement\":[{\"@type\":\"ListItem\",\"position\":1,\"name\":\"In\u00edcio\",\"item\":\"https:\/\/projetosestruturaissp.com.br\/blog\/\"},{\"@type\":\"ListItem\",\"position\":2,\"name\":\"Laudo de Patologia Estrutural\"}]},{\"@type\":\"WebSite\",\"@id\":\"https:\/\/projetosestruturaissp.com.br\/blog\/#website\",\"url\":\"https:\/\/projetosestruturaissp.com.br\/blog\/\",\"name\":\"Almeida Guimar\u00e3es - Blog\",\"description\":\"Tudo sobre Engenharia\",\"publisher\":{\"@id\":\"https:\/\/projetosestruturaissp.com.br\/blog\/#organization\"},\"potentialAction\":[{\"@type\":\"SearchAction\",\"target\":{\"@type\":\"EntryPoint\",\"urlTemplate\":\"https:\/\/projetosestruturaissp.com.br\/blog\/?s={search_term_string}\"},\"query-input\":{\"@type\":\"PropertyValueSpecification\",\"valueRequired\":true,\"valueName\":\"search_term_string\"}}],\"inLanguage\":\"pt-BR\"},{\"@type\":\"Organization\",\"@id\":\"https:\/\/projetosestruturaissp.com.br\/blog\/#organization\",\"name\":\"Almeida Guimar\u00e3es\",\"url\":\"https:\/\/projetosestruturaissp.com.br\/blog\/\",\"logo\":{\"@type\":\"ImageObject\",\"inLanguage\":\"pt-BR\",\"@id\":\"https:\/\/projetosestruturaissp.com.br\/blog\/#\/schema\/logo\/image\/\",\"url\":\"https:\/\/projetosestruturaissp.com.br\/blog\/wp-content\/uploads\/2017\/09\/logo.png\",\"contentUrl\":\"https:\/\/projetosestruturaissp.com.br\/blog\/wp-content\/uploads\/2017\/09\/logo.png\",\"width\":148,\"height\":133,\"caption\":\"Almeida Guimar\u00e3es\"},\"image\":{\"@id\":\"https:\/\/projetosestruturaissp.com.br\/blog\/#\/schema\/logo\/image\/\"}},{\"@type\":\"Person\",\"@id\":\"https:\/\/projetosestruturaissp.com.br\/blog\/#\/schema\/person\/2439ab14fa80ae55da5b9581d0b62947\",\"name\":\"AdminAlmeida\",\"image\":{\"@type\":\"ImageObject\",\"inLanguage\":\"pt-BR\",\"@id\":\"https:\/\/projetosestruturaissp.com.br\/blog\/#\/schema\/person\/image\/\",\"url\":\"https:\/\/secure.gravatar.com\/avatar\/ae3513de998c4cafca2c6c0c9bf72ba68f9e5b7864428ebeac48c96eba39b07b?s=96&d=mm&r=g\",\"contentUrl\":\"https:\/\/secure.gravatar.com\/avatar\/ae3513de998c4cafca2c6c0c9bf72ba68f9e5b7864428ebeac48c96eba39b07b?s=96&d=mm&r=g\",\"caption\":\"AdminAlmeida\"},\"url\":\"https:\/\/projetosestruturaissp.com.br\/blog\/author\/adminalmeida\/\"}]}<\/script>\n<!-- \/ Yoast SEO plugin. -->","yoast_head_json":{"title":"Laudo de Patologia Estrutural em Edif\u00edcios - Engenharia","description":"O laudo de patologia estrutural se faz necess\u00e1rio para garantir o bom funcionamento estrutural do edif\u00edcio e reduzir custos maiores com essa preven\u00e7\u00e3o.","robots":{"index":"index","follow":"follow","max-snippet":"max-snippet:-1","max-image-preview":"max-image-preview:large","max-video-preview":"max-video-preview:-1"},"canonical":"https:\/\/projetosestruturaissp.com.br\/blog\/calculo-estrutural\/laudo-de-patologia-estrutural\/","og_locale":"pt_BR","og_type":"article","og_title":"Laudo de Patologia Estrutural em Edif\u00edcios - Engenharia","og_description":"O laudo de patologia estrutural se faz necess\u00e1rio para garantir o bom funcionamento estrutural do edif\u00edcio e reduzir custos maiores com essa preven\u00e7\u00e3o.","og_url":"https:\/\/projetosestruturaissp.com.br\/blog\/calculo-estrutural\/laudo-de-patologia-estrutural\/","og_site_name":"Almeida Guimar\u00e3es - Blog","article_published_time":"2020-03-26T22:01:28+00:00","article_modified_time":"2020-03-26T22:27:23+00:00","og_image":[{"width":1080,"height":892,"url":"https:\/\/projetosestruturaissp.com.br\/blog\/wp-content\/uploads\/2020\/03\/Laudo-de-Patologia-Estrutural.jpg","type":"image\/jpeg"}],"author":"AdminAlmeida","twitter_card":"summary_large_image","twitter_misc":{"Escrito por":"AdminAlmeida","Est. tempo de leitura":"3 minutos"},"schema":{"@context":"https:\/\/schema.org","@graph":[{"@type":"Article","@id":"https:\/\/projetosestruturaissp.com.br\/blog\/calculo-estrutural\/laudo-de-patologia-estrutural\/#article","isPartOf":{"@id":"https:\/\/projetosestruturaissp.com.br\/blog\/calculo-estrutural\/laudo-de-patologia-estrutural\/"},"author":{"name":"AdminAlmeida","@id":"https:\/\/projetosestruturaissp.com.br\/blog\/#\/schema\/person\/2439ab14fa80ae55da5b9581d0b62947"},"headline":"Laudo de Patologia Estrutural","datePublished":"2020-03-26T22:01:28+00:00","dateModified":"2020-03-26T22:27:23+00:00","mainEntityOfPage":{"@id":"https:\/\/projetosestruturaissp.com.br\/blog\/calculo-estrutural\/laudo-de-patologia-estrutural\/"},"wordCount":660,"commentCount":0,"publisher":{"@id":"https:\/\/projetosestruturaissp.com.br\/blog\/#organization"},"image":{"@id":"https:\/\/projetosestruturaissp.com.br\/blog\/calculo-estrutural\/laudo-de-patologia-estrutural\/#primaryimage"},"thumbnailUrl":"https:\/\/projetosestruturaissp.com.br\/blog\/wp-content\/uploads\/2020\/03\/Laudo-de-Patologia-Estrutural.jpg","articleSection":["C\u00e1lculo Estrutural"],"inLanguage":"pt-BR","potentialAction":[{"@type":"CommentAction","name":"Comment","target":["https:\/\/projetosestruturaissp.com.br\/blog\/calculo-estrutural\/laudo-de-patologia-estrutural\/#respond"]}]},{"@type":"WebPage","@id":"https:\/\/projetosestruturaissp.com.br\/blog\/calculo-estrutural\/laudo-de-patologia-estrutural\/","url":"https:\/\/projetosestruturaissp.com.br\/blog\/calculo-estrutural\/laudo-de-patologia-estrutural\/","name":"Laudo de Patologia Estrutural em Edif\u00edcios - Engenharia","isPartOf":{"@id":"https:\/\/projetosestruturaissp.com.br\/blog\/#website"},"primaryImageOfPage":{"@id":"https:\/\/projetosestruturaissp.com.br\/blog\/calculo-estrutural\/laudo-de-patologia-estrutural\/#primaryimage"},"image":{"@id":"https:\/\/projetosestruturaissp.com.br\/blog\/calculo-estrutural\/laudo-de-patologia-estrutural\/#primaryimage"},"thumbnailUrl":"https:\/\/projetosestruturaissp.com.br\/blog\/wp-content\/uploads\/2020\/03\/Laudo-de-Patologia-Estrutural.jpg","datePublished":"2020-03-26T22:01:28+00:00","dateModified":"2020-03-26T22:27:23+00:00","description":"O laudo de patologia estrutural se faz necess\u00e1rio para garantir o bom funcionamento estrutural do edif\u00edcio e reduzir custos maiores com essa preven\u00e7\u00e3o.","breadcrumb":{"@id":"https:\/\/projetosestruturaissp.com.br\/blog\/calculo-estrutural\/laudo-de-patologia-estrutural\/#breadcrumb"},"inLanguage":"pt-BR","potentialAction":[{"@type":"ReadAction","target":["https:\/\/projetosestruturaissp.com.br\/blog\/calculo-estrutural\/laudo-de-patologia-estrutural\/"]}]},{"@type":"ImageObject","inLanguage":"pt-BR","@id":"https:\/\/projetosestruturaissp.com.br\/blog\/calculo-estrutural\/laudo-de-patologia-estrutural\/#primaryimage","url":"https:\/\/projetosestruturaissp.com.br\/blog\/wp-content\/uploads\/2020\/03\/Laudo-de-Patologia-Estrutural.jpg","contentUrl":"https:\/\/projetosestruturaissp.com.br\/blog\/wp-content\/uploads\/2020\/03\/Laudo-de-Patologia-Estrutural.jpg","width":1080,"height":892,"caption":"Laudo de Patologia Estrutural"},{"@type":"BreadcrumbList","@id":"https:\/\/projetosestruturaissp.com.br\/blog\/calculo-estrutural\/laudo-de-patologia-estrutural\/#breadcrumb","itemListElement":[{"@type":"ListItem","position":1,"name":"In\u00edcio","item":"https:\/\/projetosestruturaissp.com.br\/blog\/"},{"@type":"ListItem","position":2,"name":"Laudo de Patologia Estrutural"}]},{"@type":"WebSite","@id":"https:\/\/projetosestruturaissp.com.br\/blog\/#website","url":"https:\/\/projetosestruturaissp.com.br\/blog\/","name":"Almeida Guimar\u00e3es - Blog","description":"Tudo sobre Engenharia","publisher":{"@id":"https:\/\/projetosestruturaissp.com.br\/blog\/#organization"},"potentialAction":[{"@type":"SearchAction","target":{"@type":"EntryPoint","urlTemplate":"https:\/\/projetosestruturaissp.com.br\/blog\/?s={search_term_string}"},"query-input":{"@type":"PropertyValueSpecification","valueRequired":true,"valueName":"search_term_string"}}],"inLanguage":"pt-BR"},{"@type":"Organization","@id":"https:\/\/projetosestruturaissp.com.br\/blog\/#organization","name":"Almeida Guimar\u00e3es","url":"https:\/\/projetosestruturaissp.com.br\/blog\/","logo":{"@type":"ImageObject","inLanguage":"pt-BR","@id":"https:\/\/projetosestruturaissp.com.br\/blog\/#\/schema\/logo\/image\/","url":"https:\/\/projetosestruturaissp.com.br\/blog\/wp-content\/uploads\/2017\/09\/logo.png","contentUrl":"https:\/\/projetosestruturaissp.com.br\/blog\/wp-content\/uploads\/2017\/09\/logo.png","width":148,"height":133,"caption":"Almeida Guimar\u00e3es"},"image":{"@id":"https:\/\/projetosestruturaissp.com.br\/blog\/#\/schema\/logo\/image\/"}},{"@type":"Person","@id":"https:\/\/projetosestruturaissp.com.br\/blog\/#\/schema\/person\/2439ab14fa80ae55da5b9581d0b62947","name":"AdminAlmeida","image":{"@type":"ImageObject","inLanguage":"pt-BR","@id":"https:\/\/projetosestruturaissp.com.br\/blog\/#\/schema\/person\/image\/","url":"https:\/\/secure.gravatar.com\/avatar\/ae3513de998c4cafca2c6c0c9bf72ba68f9e5b7864428ebeac48c96eba39b07b?s=96&d=mm&r=g","contentUrl":"https:\/\/secure.gravatar.com\/avatar\/ae3513de998c4cafca2c6c0c9bf72ba68f9e5b7864428ebeac48c96eba39b07b?s=96&d=mm&r=g","caption":"AdminAlmeida"},"url":"https:\/\/projetosestruturaissp.com.br\/blog\/author\/adminalmeida\/"}]}},"_links":{"self":[{"href":"https:\/\/projetosestruturaissp.com.br\/blog\/wp-json\/wp\/v2\/posts\/578","targetHints":{"allow":["GET"]}}],"collection":[{"href":"https:\/\/projetosestruturaissp.com.br\/blog\/wp-json\/wp\/v2\/posts"}],"about":[{"href":"https:\/\/projetosestruturaissp.com.br\/blog\/wp-json\/wp\/v2\/types\/post"}],"author":[{"embeddable":true,"href":"https:\/\/projetosestruturaissp.com.br\/blog\/wp-json\/wp\/v2\/users\/1"}],"replies":[{"embeddable":true,"href":"https:\/\/projetosestruturaissp.com.br\/blog\/wp-json\/wp\/v2\/comments?post=578"}],"version-history":[{"count":20,"href":"https:\/\/projetosestruturaissp.com.br\/blog\/wp-json\/wp\/v2\/posts\/578\/revisions"}],"predecessor-version":[{"id":610,"href":"https:\/\/projetosestruturaissp.com.br\/blog\/wp-json\/wp\/v2\/posts\/578\/revisions\/610"}],"wp:featuredmedia":[{"embeddable":true,"href":"https:\/\/projetosestruturaissp.com.br\/blog\/wp-json\/wp\/v2\/media\/606"}],"wp:attachment":[{"href":"https:\/\/projetosestruturaissp.com.br\/blog\/wp-json\/wp\/v2\/media?parent=578"}],"wp:term":[{"taxonomy":"category","embeddable":true,"href":"https:\/\/projetosestruturaissp.com.br\/blog\/wp-json\/wp\/v2\/categories?post=578"},{"taxonomy":"post_tag","embeddable":true,"href":"https:\/\/projetosestruturaissp.com.br\/blog\/wp-json\/wp\/v2\/tags?post=578"}],"curies":[{"name":"wp","href":"https:\/\/api.w.org\/{rel}","templated":true}]}}