{"id":699,"date":"2023-02-22T19:15:02","date_gmt":"2023-02-22T22:15:02","guid":{"rendered":"https:\/\/projetosestruturaissp.com.br\/blog\/?p=699"},"modified":"2023-02-22T19:15:02","modified_gmt":"2023-02-22T22:15:02","slug":"prova-de-carga-em-laje-protendida-com-31-toneladas-em-belo-horizonte","status":"publish","type":"post","link":"https:\/\/projetosestruturaissp.com.br\/blog\/sem-categoria\/prova-de-carga-em-laje-protendida-com-31-toneladas-em-belo-horizonte\/","title":{"rendered":"Prova de Carga para saber se a Laje ir\u00e1 suportar 31 Toneladas de Peso em Belo Horizonte"},"content":{"rendered":"<h2>Prova de Carga em Laje Protendida com 31 Toneladas em Belo Horizonte<\/h2>\n<p>Neste trabalho, o engenheiro S\u00e9rgio de Almeida realiza prova de carga em laje protendida com 31 toneladas em Belo Horizonte.<\/p>\n<p>Foram colocadas 31 toneladas para saber se haver\u00e1 deforma\u00e7\u00e3o e se a laje ir\u00e1 suportar essa carga de peso.<\/p>\n<p>Confira o video e aproveite para fazer sua<a href=\"https:\/\/projetosestruturaissp.com.br\/contato.html\"> consulta do seu projeto com o nosso time de engenheiros.<\/a><\/p>\n<p>Veja tamb\u00e9m mais <a href=\"https:\/\/www.facebook.com\/almeidaguimaraes.com.br\">projetos em nosso facebook\u00a0<\/a><\/p>\n<div id=\"icpbravoaccess_loaded\">\u00a0<\/div>\n","protected":false},"excerpt":{"rendered":"<p>Prova de Carga em Laje Protendida com 31 Toneladas em Belo Horizonte Neste trabalho, o engenheiro S\u00e9rgio de Almeida realiza prova de carga em laje protendida com 31 toneladas em Belo Horizonte. Foram colocadas 31 toneladas para saber se haver\u00e1 deforma\u00e7\u00e3o e se a laje&hellip;<\/p>\n","protected":false},"author":1,"featured_media":700,"comment_status":"open","ping_status":"open","sticky":false,"template":"","format":"standard","meta":{"footnotes":""},"categories":[1],"tags":[],"class_list":["post-699","post","type-post","status-publish","format-standard","has-post-thumbnail","hentry","category-sem-categoria","has-post-video"],"yoast_head":"<!-- This site is optimized with the Yoast SEO plugin v25.2 - https:\/\/yoast.com\/wordpress\/plugins\/seo\/ -->\n<title>Prova de Carga em Laje Protendida com 31 Toneladas em Belo Horizonte<\/title>\n<meta name=\"description\" content=\"Nossa equipe de engenheiros, realiza prova de carga em laje protendida com 31 toneladas em Belo Horizonte, confira esse trabalho e tamb\u00e9m realize o seu\" \/>\n<meta name=\"robots\" content=\"index, follow, max-snippet:-1, max-image-preview:large, max-video-preview:-1\" \/>\n<link rel=\"canonical\" href=\"https:\/\/projetosestruturaissp.com.br\/blog\/sem-categoria\/prova-de-carga-em-laje-protendida-com-31-toneladas-em-belo-horizonte\/\" \/>\n<meta property=\"og:locale\" content=\"pt_BR\" \/>\n<meta property=\"og:type\" content=\"article\" \/>\n<meta property=\"og:title\" content=\"Prova de Carga em Laje Protendida com 31 Toneladas em Belo Horizonte\" \/>\n<meta property=\"og:description\" content=\"Nossa equipe de engenheiros, realiza prova de carga em laje protendida com 31 toneladas em Belo Horizonte, confira esse trabalho e tamb\u00e9m realize o seu\" \/>\n<meta property=\"og:url\" content=\"https:\/\/projetosestruturaissp.com.br\/blog\/sem-categoria\/prova-de-carga-em-laje-protendida-com-31-toneladas-em-belo-horizonte\/\" \/>\n<meta property=\"og:site_name\" content=\"Almeida Guimar\u00e3es - Blog\" \/>\n<meta property=\"article:published_time\" content=\"2023-02-22T22:15:02+00:00\" \/>\n<meta property=\"og:image\" content=\"https:\/\/projetosestruturaissp.com.br\/blog\/wp-content\/uploads\/2023\/02\/Prova-de-Carga-para-saber-se-a-Laje-ir\u00e1-suportar-31-Toneladas-de-Peso-em-Belo-Horizonte.jpeg\" \/>\n\t<meta property=\"og:image:width\" content=\"1280\" \/>\n\t<meta property=\"og:image:height\" content=\"720\" \/>\n\t<meta property=\"og:image:type\" content=\"image\/jpeg\" \/>\n<meta name=\"author\" content=\"AdminAlmeida\" \/>\n<meta name=\"twitter:card\" content=\"summary_large_image\" \/>\n<meta name=\"twitter:label1\" content=\"Escrito por\" \/>\n\t<meta name=\"twitter:data1\" content=\"AdminAlmeida\" \/>\n<script type=\"application\/ld+json\" class=\"yoast-schema-graph\">{\"@context\":\"https:\/\/schema.org\",\"@graph\":[{\"@type\":\"Article\",\"@id\":\"https:\/\/projetosestruturaissp.com.br\/blog\/sem-categoria\/prova-de-carga-em-laje-protendida-com-31-toneladas-em-belo-horizonte\/#article\",\"isPartOf\":{\"@id\":\"https:\/\/projetosestruturaissp.com.br\/blog\/sem-categoria\/prova-de-carga-em-laje-protendida-com-31-toneladas-em-belo-horizonte\/\"},\"author\":{\"name\":\"AdminAlmeida\",\"@id\":\"https:\/\/projetosestruturaissp.com.br\/blog\/#\/schema\/person\/2439ab14fa80ae55da5b9581d0b62947\"},\"headline\":\"Prova de Carga para saber se a Laje ir\u00e1 suportar 31 Toneladas de Peso em Belo Horizonte\",\"datePublished\":\"2023-02-22T22:15:02+00:00\",\"mainEntityOfPage\":{\"@id\":\"https:\/\/projetosestruturaissp.com.br\/blog\/sem-categoria\/prova-de-carga-em-laje-protendida-com-31-toneladas-em-belo-horizonte\/\"},\"wordCount\":92,\"commentCount\":0,\"publisher\":{\"@id\":\"https:\/\/projetosestruturaissp.com.br\/blog\/#organization\"},\"image\":{\"@id\":\"https:\/\/projetosestruturaissp.com.br\/blog\/sem-categoria\/prova-de-carga-em-laje-protendida-com-31-toneladas-em-belo-horizonte\/#primaryimage\"},\"thumbnailUrl\":\"https:\/\/projetosestruturaissp.com.br\/blog\/wp-content\/uploads\/2023\/02\/Prova-de-Carga-para-saber-se-a-Laje-ir\u00e1-suportar-31-Toneladas-de-Peso-em-Belo-Horizonte.jpeg\",\"inLanguage\":\"pt-BR\",\"potentialAction\":[{\"@type\":\"CommentAction\",\"name\":\"Comment\",\"target\":[\"https:\/\/projetosestruturaissp.com.br\/blog\/sem-categoria\/prova-de-carga-em-laje-protendida-com-31-toneladas-em-belo-horizonte\/#respond\"]}]},{\"@type\":\"WebPage\",\"@id\":\"https:\/\/projetosestruturaissp.com.br\/blog\/sem-categoria\/prova-de-carga-em-laje-protendida-com-31-toneladas-em-belo-horizonte\/\",\"url\":\"https:\/\/projetosestruturaissp.com.br\/blog\/sem-categoria\/prova-de-carga-em-laje-protendida-com-31-toneladas-em-belo-horizonte\/\",\"name\":\"Prova de Carga em Laje Protendida com 31 Toneladas em Belo Horizonte\",\"isPartOf\":{\"@id\":\"https:\/\/projetosestruturaissp.com.br\/blog\/#website\"},\"primaryImageOfPage\":{\"@id\":\"https:\/\/projetosestruturaissp.com.br\/blog\/sem-categoria\/prova-de-carga-em-laje-protendida-com-31-toneladas-em-belo-horizonte\/#primaryimage\"},\"image\":{\"@id\":\"https:\/\/projetosestruturaissp.com.br\/blog\/sem-categoria\/prova-de-carga-em-laje-protendida-com-31-toneladas-em-belo-horizonte\/#primaryimage\"},\"thumbnailUrl\":\"https:\/\/projetosestruturaissp.com.br\/blog\/wp-content\/uploads\/2023\/02\/Prova-de-Carga-para-saber-se-a-Laje-ir\u00e1-suportar-31-Toneladas-de-Peso-em-Belo-Horizonte.jpeg\",\"datePublished\":\"2023-02-22T22:15:02+00:00\",\"description\":\"Nossa equipe de engenheiros, realiza prova de carga em laje protendida com 31 toneladas em Belo Horizonte, confira esse trabalho e tamb\u00e9m realize o seu\",\"breadcrumb\":{\"@id\":\"https:\/\/projetosestruturaissp.com.br\/blog\/sem-categoria\/prova-de-carga-em-laje-protendida-com-31-toneladas-em-belo-horizonte\/#breadcrumb\"},\"inLanguage\":\"pt-BR\",\"potentialAction\":[{\"@type\":\"ReadAction\",\"target\":[\"https:\/\/projetosestruturaissp.com.br\/blog\/sem-categoria\/prova-de-carga-em-laje-protendida-com-31-toneladas-em-belo-horizonte\/\"]}]},{\"@type\":\"ImageObject\",\"inLanguage\":\"pt-BR\",\"@id\":\"https:\/\/projetosestruturaissp.com.br\/blog\/sem-categoria\/prova-de-carga-em-laje-protendida-com-31-toneladas-em-belo-horizonte\/#primaryimage\",\"url\":\"https:\/\/projetosestruturaissp.com.br\/blog\/wp-content\/uploads\/2023\/02\/Prova-de-Carga-para-saber-se-a-Laje-ir\u00e1-suportar-31-Toneladas-de-Peso-em-Belo-Horizonte.jpeg\",\"contentUrl\":\"https:\/\/projetosestruturaissp.com.br\/blog\/wp-content\/uploads\/2023\/02\/Prova-de-Carga-para-saber-se-a-Laje-ir\u00e1-suportar-31-Toneladas-de-Peso-em-Belo-Horizonte.jpeg\",\"width\":1280,\"height\":720,\"caption\":\"Prova de Carga em Laje Protendida com 31 Toneladas em Belo Horizonte\"},{\"@type\":\"BreadcrumbList\",\"@id\":\"https:\/\/projetosestruturaissp.com.br\/blog\/sem-categoria\/prova-de-carga-em-laje-protendida-com-31-toneladas-em-belo-horizonte\/#breadcrumb\",\"itemListElement\":[{\"@type\":\"ListItem\",\"position\":1,\"name\":\"In\u00edcio\",\"item\":\"https:\/\/projetosestruturaissp.com.br\/blog\/\"},{\"@type\":\"ListItem\",\"position\":2,\"name\":\"Prova de Carga para saber se a Laje ir\u00e1 suportar 31 Toneladas de Peso em Belo Horizonte\"}]},{\"@type\":\"WebSite\",\"@id\":\"https:\/\/projetosestruturaissp.com.br\/blog\/#website\",\"url\":\"https:\/\/projetosestruturaissp.com.br\/blog\/\",\"name\":\"Almeida Guimar\u00e3es - Blog\",\"description\":\"Tudo sobre Engenharia\",\"publisher\":{\"@id\":\"https:\/\/projetosestruturaissp.com.br\/blog\/#organization\"},\"potentialAction\":[{\"@type\":\"SearchAction\",\"target\":{\"@type\":\"EntryPoint\",\"urlTemplate\":\"https:\/\/projetosestruturaissp.com.br\/blog\/?s={search_term_string}\"},\"query-input\":{\"@type\":\"PropertyValueSpecification\",\"valueRequired\":true,\"valueName\":\"search_term_string\"}}],\"inLanguage\":\"pt-BR\"},{\"@type\":\"Organization\",\"@id\":\"https:\/\/projetosestruturaissp.com.br\/blog\/#organization\",\"name\":\"Almeida Guimar\u00e3es\",\"url\":\"https:\/\/projetosestruturaissp.com.br\/blog\/\",\"logo\":{\"@type\":\"ImageObject\",\"inLanguage\":\"pt-BR\",\"@id\":\"https:\/\/projetosestruturaissp.com.br\/blog\/#\/schema\/logo\/image\/\",\"url\":\"https:\/\/projetosestruturaissp.com.br\/blog\/wp-content\/uploads\/2017\/09\/logo.png\",\"contentUrl\":\"https:\/\/projetosestruturaissp.com.br\/blog\/wp-content\/uploads\/2017\/09\/logo.png\",\"width\":148,\"height\":133,\"caption\":\"Almeida Guimar\u00e3es\"},\"image\":{\"@id\":\"https:\/\/projetosestruturaissp.com.br\/blog\/#\/schema\/logo\/image\/\"}},{\"@type\":\"Person\",\"@id\":\"https:\/\/projetosestruturaissp.com.br\/blog\/#\/schema\/person\/2439ab14fa80ae55da5b9581d0b62947\",\"name\":\"AdminAlmeida\",\"image\":{\"@type\":\"ImageObject\",\"inLanguage\":\"pt-BR\",\"@id\":\"https:\/\/projetosestruturaissp.com.br\/blog\/#\/schema\/person\/image\/\",\"url\":\"https:\/\/secure.gravatar.com\/avatar\/ae3513de998c4cafca2c6c0c9bf72ba68f9e5b7864428ebeac48c96eba39b07b?s=96&d=mm&r=g\",\"contentUrl\":\"https:\/\/secure.gravatar.com\/avatar\/ae3513de998c4cafca2c6c0c9bf72ba68f9e5b7864428ebeac48c96eba39b07b?s=96&d=mm&r=g\",\"caption\":\"AdminAlmeida\"},\"url\":\"https:\/\/projetosestruturaissp.com.br\/blog\/author\/adminalmeida\/\"}]}<\/script>\n<!-- \/ Yoast SEO plugin. -->","yoast_head_json":{"title":"Prova de Carga em Laje Protendida com 31 Toneladas em Belo Horizonte","description":"Nossa equipe de engenheiros, realiza prova de carga em laje protendida com 31 toneladas em Belo Horizonte, confira esse trabalho e tamb\u00e9m realize o seu","robots":{"index":"index","follow":"follow","max-snippet":"max-snippet:-1","max-image-preview":"max-image-preview:large","max-video-preview":"max-video-preview:-1"},"canonical":"https:\/\/projetosestruturaissp.com.br\/blog\/sem-categoria\/prova-de-carga-em-laje-protendida-com-31-toneladas-em-belo-horizonte\/","og_locale":"pt_BR","og_type":"article","og_title":"Prova de Carga em Laje Protendida com 31 Toneladas em Belo Horizonte","og_description":"Nossa equipe de engenheiros, realiza prova de carga em laje protendida com 31 toneladas em Belo Horizonte, confira esse trabalho e tamb\u00e9m realize o seu","og_url":"https:\/\/projetosestruturaissp.com.br\/blog\/sem-categoria\/prova-de-carga-em-laje-protendida-com-31-toneladas-em-belo-horizonte\/","og_site_name":"Almeida Guimar\u00e3es - Blog","article_published_time":"2023-02-22T22:15:02+00:00","og_image":[{"width":1280,"height":720,"url":"https:\/\/projetosestruturaissp.com.br\/blog\/wp-content\/uploads\/2023\/02\/Prova-de-Carga-para-saber-se-a-Laje-ir\u00e1-suportar-31-Toneladas-de-Peso-em-Belo-Horizonte.jpeg","type":"image\/jpeg"}],"author":"AdminAlmeida","twitter_card":"summary_large_image","twitter_misc":{"Escrito por":"AdminAlmeida"},"schema":{"@context":"https:\/\/schema.org","@graph":[{"@type":"Article","@id":"https:\/\/projetosestruturaissp.com.br\/blog\/sem-categoria\/prova-de-carga-em-laje-protendida-com-31-toneladas-em-belo-horizonte\/#article","isPartOf":{"@id":"https:\/\/projetosestruturaissp.com.br\/blog\/sem-categoria\/prova-de-carga-em-laje-protendida-com-31-toneladas-em-belo-horizonte\/"},"author":{"name":"AdminAlmeida","@id":"https:\/\/projetosestruturaissp.com.br\/blog\/#\/schema\/person\/2439ab14fa80ae55da5b9581d0b62947"},"headline":"Prova de Carga para saber se a Laje ir\u00e1 suportar 31 Toneladas de Peso em Belo Horizonte","datePublished":"2023-02-22T22:15:02+00:00","mainEntityOfPage":{"@id":"https:\/\/projetosestruturaissp.com.br\/blog\/sem-categoria\/prova-de-carga-em-laje-protendida-com-31-toneladas-em-belo-horizonte\/"},"wordCount":92,"commentCount":0,"publisher":{"@id":"https:\/\/projetosestruturaissp.com.br\/blog\/#organization"},"image":{"@id":"https:\/\/projetosestruturaissp.com.br\/blog\/sem-categoria\/prova-de-carga-em-laje-protendida-com-31-toneladas-em-belo-horizonte\/#primaryimage"},"thumbnailUrl":"https:\/\/projetosestruturaissp.com.br\/blog\/wp-content\/uploads\/2023\/02\/Prova-de-Carga-para-saber-se-a-Laje-ir\u00e1-suportar-31-Toneladas-de-Peso-em-Belo-Horizonte.jpeg","inLanguage":"pt-BR","potentialAction":[{"@type":"CommentAction","name":"Comment","target":["https:\/\/projetosestruturaissp.com.br\/blog\/sem-categoria\/prova-de-carga-em-laje-protendida-com-31-toneladas-em-belo-horizonte\/#respond"]}]},{"@type":"WebPage","@id":"https:\/\/projetosestruturaissp.com.br\/blog\/sem-categoria\/prova-de-carga-em-laje-protendida-com-31-toneladas-em-belo-horizonte\/","url":"https:\/\/projetosestruturaissp.com.br\/blog\/sem-categoria\/prova-de-carga-em-laje-protendida-com-31-toneladas-em-belo-horizonte\/","name":"Prova de Carga em Laje Protendida com 31 Toneladas em Belo Horizonte","isPartOf":{"@id":"https:\/\/projetosestruturaissp.com.br\/blog\/#website"},"primaryImageOfPage":{"@id":"https:\/\/projetosestruturaissp.com.br\/blog\/sem-categoria\/prova-de-carga-em-laje-protendida-com-31-toneladas-em-belo-horizonte\/#primaryimage"},"image":{"@id":"https:\/\/projetosestruturaissp.com.br\/blog\/sem-categoria\/prova-de-carga-em-laje-protendida-com-31-toneladas-em-belo-horizonte\/#primaryimage"},"thumbnailUrl":"https:\/\/projetosestruturaissp.com.br\/blog\/wp-content\/uploads\/2023\/02\/Prova-de-Carga-para-saber-se-a-Laje-ir\u00e1-suportar-31-Toneladas-de-Peso-em-Belo-Horizonte.jpeg","datePublished":"2023-02-22T22:15:02+00:00","description":"Nossa equipe de engenheiros, realiza prova de carga em laje protendida com 31 toneladas em Belo Horizonte, confira esse trabalho e tamb\u00e9m realize o seu","breadcrumb":{"@id":"https:\/\/projetosestruturaissp.com.br\/blog\/sem-categoria\/prova-de-carga-em-laje-protendida-com-31-toneladas-em-belo-horizonte\/#breadcrumb"},"inLanguage":"pt-BR","potentialAction":[{"@type":"ReadAction","target":["https:\/\/projetosestruturaissp.com.br\/blog\/sem-categoria\/prova-de-carga-em-laje-protendida-com-31-toneladas-em-belo-horizonte\/"]}]},{"@type":"ImageObject","inLanguage":"pt-BR","@id":"https:\/\/projetosestruturaissp.com.br\/blog\/sem-categoria\/prova-de-carga-em-laje-protendida-com-31-toneladas-em-belo-horizonte\/#primaryimage","url":"https:\/\/projetosestruturaissp.com.br\/blog\/wp-content\/uploads\/2023\/02\/Prova-de-Carga-para-saber-se-a-Laje-ir\u00e1-suportar-31-Toneladas-de-Peso-em-Belo-Horizonte.jpeg","contentUrl":"https:\/\/projetosestruturaissp.com.br\/blog\/wp-content\/uploads\/2023\/02\/Prova-de-Carga-para-saber-se-a-Laje-ir\u00e1-suportar-31-Toneladas-de-Peso-em-Belo-Horizonte.jpeg","width":1280,"height":720,"caption":"Prova de Carga em Laje Protendida com 31 Toneladas em Belo Horizonte"},{"@type":"BreadcrumbList","@id":"https:\/\/projetosestruturaissp.com.br\/blog\/sem-categoria\/prova-de-carga-em-laje-protendida-com-31-toneladas-em-belo-horizonte\/#breadcrumb","itemListElement":[{"@type":"ListItem","position":1,"name":"In\u00edcio","item":"https:\/\/projetosestruturaissp.com.br\/blog\/"},{"@type":"ListItem","position":2,"name":"Prova de Carga para saber se a Laje ir\u00e1 suportar 31 Toneladas de Peso em Belo Horizonte"}]},{"@type":"WebSite","@id":"https:\/\/projetosestruturaissp.com.br\/blog\/#website","url":"https:\/\/projetosestruturaissp.com.br\/blog\/","name":"Almeida Guimar\u00e3es - Blog","description":"Tudo sobre Engenharia","publisher":{"@id":"https:\/\/projetosestruturaissp.com.br\/blog\/#organization"},"potentialAction":[{"@type":"SearchAction","target":{"@type":"EntryPoint","urlTemplate":"https:\/\/projetosestruturaissp.com.br\/blog\/?s={search_term_string}"},"query-input":{"@type":"PropertyValueSpecification","valueRequired":true,"valueName":"search_term_string"}}],"inLanguage":"pt-BR"},{"@type":"Organization","@id":"https:\/\/projetosestruturaissp.com.br\/blog\/#organization","name":"Almeida Guimar\u00e3es","url":"https:\/\/projetosestruturaissp.com.br\/blog\/","logo":{"@type":"ImageObject","inLanguage":"pt-BR","@id":"https:\/\/projetosestruturaissp.com.br\/blog\/#\/schema\/logo\/image\/","url":"https:\/\/projetosestruturaissp.com.br\/blog\/wp-content\/uploads\/2017\/09\/logo.png","contentUrl":"https:\/\/projetosestruturaissp.com.br\/blog\/wp-content\/uploads\/2017\/09\/logo.png","width":148,"height":133,"caption":"Almeida Guimar\u00e3es"},"image":{"@id":"https:\/\/projetosestruturaissp.com.br\/blog\/#\/schema\/logo\/image\/"}},{"@type":"Person","@id":"https:\/\/projetosestruturaissp.com.br\/blog\/#\/schema\/person\/2439ab14fa80ae55da5b9581d0b62947","name":"AdminAlmeida","image":{"@type":"ImageObject","inLanguage":"pt-BR","@id":"https:\/\/projetosestruturaissp.com.br\/blog\/#\/schema\/person\/image\/","url":"https:\/\/secure.gravatar.com\/avatar\/ae3513de998c4cafca2c6c0c9bf72ba68f9e5b7864428ebeac48c96eba39b07b?s=96&d=mm&r=g","contentUrl":"https:\/\/secure.gravatar.com\/avatar\/ae3513de998c4cafca2c6c0c9bf72ba68f9e5b7864428ebeac48c96eba39b07b?s=96&d=mm&r=g","caption":"AdminAlmeida"},"url":"https:\/\/projetosestruturaissp.com.br\/blog\/author\/adminalmeida\/"}]}},"_links":{"self":[{"href":"https:\/\/projetosestruturaissp.com.br\/blog\/wp-json\/wp\/v2\/posts\/699","targetHints":{"allow":["GET"]}}],"collection":[{"href":"https:\/\/projetosestruturaissp.com.br\/blog\/wp-json\/wp\/v2\/posts"}],"about":[{"href":"https:\/\/projetosestruturaissp.com.br\/blog\/wp-json\/wp\/v2\/types\/post"}],"author":[{"embeddable":true,"href":"https:\/\/projetosestruturaissp.com.br\/blog\/wp-json\/wp\/v2\/users\/1"}],"replies":[{"embeddable":true,"href":"https:\/\/projetosestruturaissp.com.br\/blog\/wp-json\/wp\/v2\/comments?post=699"}],"version-history":[{"count":1,"href":"https:\/\/projetosestruturaissp.com.br\/blog\/wp-json\/wp\/v2\/posts\/699\/revisions"}],"predecessor-version":[{"id":701,"href":"https:\/\/projetosestruturaissp.com.br\/blog\/wp-json\/wp\/v2\/posts\/699\/revisions\/701"}],"wp:featuredmedia":[{"embeddable":true,"href":"https:\/\/projetosestruturaissp.com.br\/blog\/wp-json\/wp\/v2\/media\/700"}],"wp:attachment":[{"href":"https:\/\/projetosestruturaissp.com.br\/blog\/wp-json\/wp\/v2\/media?parent=699"}],"wp:term":[{"taxonomy":"category","embeddable":true,"href":"https:\/\/projetosestruturaissp.com.br\/blog\/wp-json\/wp\/v2\/categories?post=699"},{"taxonomy":"post_tag","embeddable":true,"href":"https:\/\/projetosestruturaissp.com.br\/blog\/wp-json\/wp\/v2\/tags?post=699"}],"curies":[{"name":"wp","href":"https:\/\/api.w.org\/{rel}","templated":true}]}}